{"id":186838,"date":"2025-06-28T15:56:05","date_gmt":"2025-06-28T21:56:05","guid":{"rendered":"https:\/\/nvnoticias.mx\/?p=186838"},"modified":"2025-06-28T15:56:07","modified_gmt":"2025-06-28T21:56:07","slug":"reforma-al-infonavit-pone-en-riesgo-la-certeza-juridica-coparmex-xalapa","status":"publish","type":"post","link":"https:\/\/nvnoticias.mx\/index.php\/2025\/06\/28\/reforma-al-infonavit-pone-en-riesgo-la-certeza-juridica-coparmex-xalapa\/","title":{"rendered":"Reforma al Infonavit pone en riesgo la certeza jur\u00eddica: Coparmex Xalapa"},"content":{"rendered":"\n<p><\/p>\n\n\n\n<p><strong>Sam Ojeda \/ NV Noticias<\/strong><\/p>\n\n\n\n<p>Xalapa.-&nbsp; La reciente modificaci\u00f3n a la Ley del Instituto del Fondo Nacional de la Vivienda para los Trabajadores (Infonavit) podr\u00eda representar un riesgo para la certeza jur\u00eddica en materia de propiedad privada, advirti\u00f3 Arturo Blanco Ord\u00f3\u00f1ez, presidente de Coparmex Xalapa.<\/p>\n\n\n\n<p>El dirigente empresarial expres\u00f3 su preocupaci\u00f3n por el hecho de que las reformas permitan que una persona pueda ocupar una vivienda deshabitada y posteriormente regularizar su situaci\u00f3n mediante el pago, lo que, a su juicio, atenta contra los principios de seguridad jur\u00eddica que deben regir la tenencia de bienes inmuebles.<\/p>\n\n\n\n<p>\u201cEl Infonavit naci\u00f3 para proteger los derechos de los trabajadores, pero abrir la puerta a que una propiedad pueda ser invadida y luego pagada es un tema delicado. Eso genera incertidumbre legal, y en un pa\u00eds como M\u00e9xico, donde ya hay muchos vac\u00edos normativos, no se puede permitir que se debilite m\u00e1s el marco jur\u00eddico\u201d, se\u00f1al\u00f3.<\/p>\n\n\n\n<p>Blanco Ord\u00f3\u00f1ez enfatiz\u00f3 que este tipo de decisiones tienen repercusiones no solo legales, sino tambi\u00e9n econ\u00f3micas, ya que pueden desalentar la inversi\u00f3n inmobiliaria y generar desconfianza entre propietarios, desarrolladores y compradores. \u201cLa certeza jur\u00eddica es la base para que el sector privado siga apostando por el crecimiento del pa\u00eds\u201d, afirm\u00f3.<\/p>\n\n\n\n<p>El presidente de Coparmex Xalapa llam\u00f3 a que este tipo de cambios sean evaluados con responsabilidad y, en su caso, corregidos mediante los mecanismos democr\u00e1ticos. \u201cEs una decisi\u00f3n que se debe resolver en las urnas, no despu\u00e9s, cuando ya estemos enfrentando las consecuencias\u201d, advirti\u00f3.<\/p>\n\n\n\n<p>En otros temas, reconoci\u00f3 que el conflicto en Medio Oriente podr\u00eda impactar los precios de los combustibles a nivel local, en caso de que se vea afectado el tr\u00e1nsito por el Estrecho de Ormuz, por donde circula alrededor del 30 por ciento del petr\u00f3leo mundial. Sin embargo, consider\u00f3 que a\u00fan es pronto para anticipar los efectos concretos en M\u00e9xic<br><\/p>\n","protected":false},"excerpt":{"rendered":"<p>Sam Ojeda \/ NV Noticias Xalapa.-&nbsp; La reciente modificaci\u00f3n a la Ley del Instituto del Fondo Nacional de la Vivienda para los Trabajadores (Infonavit) podr\u00eda representar un riesgo para la certeza jur\u00eddica en materia de propiedad privada, advirti\u00f3 Arturo Blanco Ord\u00f3\u00f1ez, presidente de Coparmex Xalapa. El dirigente empresarial expres\u00f3 su preocupaci\u00f3n por el hecho de [&hellip;]<\/p>\n","protected":false},"author":8,"featured_media":82581,"comment_status":"open","ping_status":"open","sticky":false,"template":"","format":"standard","meta":{"_monsterinsights_skip_tracking":false,"_monsterinsights_sitenote_active":false,"_monsterinsights_sitenote_note":"","_monsterinsights_sitenote_category":0,"footnotes":""},"categories":[156],"tags":[32060,303,1942],"class_list":["post-186838","post","type-post","status-publish","format-standard","has-post-thumbnail","hentry","category-estado","tag-coparmex-xalapa","tag-infonavit","tag-reforma","wp-image-borders"],"amp_enabled":true,"_links":{"self":[{"href":"https:\/\/nvnoticias.mx\/index.php\/wp-json\/wp\/v2\/posts\/186838","targetHints":{"allow":["GET"]}}],"collection":[{"href":"https:\/\/nvnoticias.mx\/index.php\/wp-json\/wp\/v2\/posts"}],"about":[{"href":"https:\/\/nvnoticias.mx\/index.php\/wp-json\/wp\/v2\/types\/post"}],"author":[{"embeddable":true,"href":"https:\/\/nvnoticias.mx\/index.php\/wp-json\/wp\/v2\/users\/8"}],"replies":[{"embeddable":true,"href":"https:\/\/nvnoticias.mx\/index.php\/wp-json\/wp\/v2\/comments?post=186838"}],"version-history":[{"count":1,"href":"https:\/\/nvnoticias.mx\/index.php\/wp-json\/wp\/v2\/posts\/186838\/revisions"}],"predecessor-version":[{"id":186839,"href":"https:\/\/nvnoticias.mx\/index.php\/wp-json\/wp\/v2\/posts\/186838\/revisions\/186839"}],"wp:featuredmedia":[{"embeddable":true,"href":"https:\/\/nvnoticias.mx\/index.php\/wp-json\/wp\/v2\/media\/82581"}],"wp:attachment":[{"href":"https:\/\/nvnoticias.mx\/index.php\/wp-json\/wp\/v2\/media?parent=186838"}],"wp:term":[{"taxonomy":"category","embeddable":true,"href":"https:\/\/nvnoticias.mx\/index.php\/wp-json\/wp\/v2\/categories?post=186838"},{"taxonomy":"post_tag","embeddable":true,"href":"https:\/\/nvnoticias.mx\/index.php\/wp-json\/wp\/v2\/tags?post=186838"}],"curies":[{"name":"wp","href":"https:\/\/api.w.org\/{rel}","templated":true}]}}