{"id":186730,"date":"2025-06-27T12:35:43","date_gmt":"2025-06-27T18:35:43","guid":{"rendered":"https:\/\/nvnoticias.mx\/?p=186730"},"modified":"2025-06-27T12:35:45","modified_gmt":"2025-06-27T18:35:45","slug":"preocupa-a-onu-dh-propuestas-de-ley-sobre-inteligencia","status":"publish","type":"post","link":"https:\/\/nvnoticias.mx\/index.php\/2025\/06\/27\/preocupa-a-onu-dh-propuestas-de-ley-sobre-inteligencia\/","title":{"rendered":"Preocupa a ONU-DH propuestas de ley sobre inteligencia"},"content":{"rendered":"\n<p>La Oficina en M\u00e9xico del Alto Comisionado de las Naciones Unidas para los Derechos Humanos (ONU-DH) manifest\u00f3 su preocupaci\u00f3n ante las propuestas sobre la nueva ley de la Guardia Nacional (GN) y de reformas a la Ley General del Sistema Nacional de Seguridad P\u00fablica y la del Sistema Nacional de Investigaci\u00f3n e Inteligencia en Materia de Seguridad P\u00fablica que discute el Congreso.&nbsp;<\/p>\n\n\n\n<p>Expuso que \u201cadem\u00e1s de consolidar su indebida naturaleza militar\u201d, la nueva ley de la GN otorgar\u00eda a sus integrantes facultades amplias de investigaci\u00f3n e inteligencia, sin los controles y mecanismos de rendici\u00f3n de cuentas id\u00f3neos.&nbsp;<\/p>\n\n\n\n<p><div><span style=\"font-size: 17.6px;\"> redes sociales, la ONU-DH indic\u00f3 que tambi\u00e9n preocupan las facultades que se dar\u00edan al Ej\u00e9rcito para procesar informaci\u00f3n de inteligencia, as\u00ed como otras disposiciones que, sin las salvaguardas adecuadas, pondr\u00edan en riesgo el derecho a la privacidad previsto por el art\u00edculo 17 del Pacto Internacional de Derechos Civiles y Pol\u00edticos y otros.\u00a0<\/span><\/div><\/p>\n\n\n\n<p>Reiter\u00f3 que la seguridad p\u00fablica debe ser una responsabilidad de las autoridades civiles, estar sujeta a controles democr\u00e1ticos, ser objeto de una amplia deliberaci\u00f3n p\u00fablica y realizarse con pleno respeto y observancia de los derechos humanos.&nbsp;<\/p>\n\n\n\n<p>Fuente: La <a href=\"https:\/\/www.jornada.com.mx\/noticia\/2025\/06\/27\/politica\/preocupa-a-onudh-propuestas-de-ley-sobre-inteligencia\">Jornada<\/a> <\/p>\n","protected":false},"excerpt":{"rendered":"<p>La Oficina en M\u00e9xico del Alto Comisionado de las Naciones Unidas para los Derechos Humanos (ONU-DH) manifest\u00f3 su preocupaci\u00f3n ante las propuestas sobre la nueva ley de la Guardia Nacional (GN) y de reformas a la Ley General del Sistema Nacional de Seguridad P\u00fablica y la del Sistema Nacional de Investigaci\u00f3n e Inteligencia en Materia [&hellip;]<\/p>\n","protected":false},"author":35,"featured_media":186732,"comment_status":"open","ping_status":"open","sticky":false,"template":"","format":"standard","meta":{"_monsterinsights_skip_tracking":false,"_monsterinsights_sitenote_active":false,"_monsterinsights_sitenote_note":"","_monsterinsights_sitenote_category":0,"footnotes":""},"categories":[158],"tags":[10208,162],"class_list":["post-186730","post","type-post","status-publish","format-standard","has-post-thumbnail","hentry","category-politica","tag-onu-dh","tag-portada","wp-image-borders"],"amp_enabled":true,"_links":{"self":[{"href":"https:\/\/nvnoticias.mx\/index.php\/wp-json\/wp\/v2\/posts\/186730","targetHints":{"allow":["GET"]}}],"collection":[{"href":"https:\/\/nvnoticias.mx\/index.php\/wp-json\/wp\/v2\/posts"}],"about":[{"href":"https:\/\/nvnoticias.mx\/index.php\/wp-json\/wp\/v2\/types\/post"}],"author":[{"embeddable":true,"href":"https:\/\/nvnoticias.mx\/index.php\/wp-json\/wp\/v2\/users\/35"}],"replies":[{"embeddable":true,"href":"https:\/\/nvnoticias.mx\/index.php\/wp-json\/wp\/v2\/comments?post=186730"}],"version-history":[{"count":2,"href":"https:\/\/nvnoticias.mx\/index.php\/wp-json\/wp\/v2\/posts\/186730\/revisions"}],"predecessor-version":[{"id":186735,"href":"https:\/\/nvnoticias.mx\/index.php\/wp-json\/wp\/v2\/posts\/186730\/revisions\/186735"}],"wp:featuredmedia":[{"embeddable":true,"href":"https:\/\/nvnoticias.mx\/index.php\/wp-json\/wp\/v2\/media\/186732"}],"wp:attachment":[{"href":"https:\/\/nvnoticias.mx\/index.php\/wp-json\/wp\/v2\/media?parent=186730"}],"wp:term":[{"taxonomy":"category","embeddable":true,"href":"https:\/\/nvnoticias.mx\/index.php\/wp-json\/wp\/v2\/categories?post=186730"},{"taxonomy":"post_tag","embeddable":true,"href":"https:\/\/nvnoticias.mx\/index.php\/wp-json\/wp\/v2\/tags?post=186730"}],"curies":[{"name":"wp","href":"https:\/\/api.w.org\/{rel}","templated":true}]}}