{"id":186633,"date":"2025-06-26T13:54:51","date_gmt":"2025-06-26T19:54:51","guid":{"rendered":"https:\/\/nvnoticias.mx\/?p=186633"},"modified":"2025-06-26T13:54:53","modified_gmt":"2025-06-26T19:54:53","slug":"avalan-diputados-en-lo-particular-la-ley-general-del-snsp","status":"publish","type":"post","link":"https:\/\/nvnoticias.mx\/index.php\/2025\/06\/26\/avalan-diputados-en-lo-particular-la-ley-general-del-snsp\/","title":{"rendered":"Avalan diputados en lo particular la Ley general del SNSP"},"content":{"rendered":"\n<p>La C\u00e1mara de Diputados aval\u00f3 en lo particular el proyecto mediante el cual se expide la Ley General del Sistema Nacional de Seguridad P\u00fablica (SNSP), luego de una sesi\u00f3n r\u00edspida en donde el bloque mayoritario y la oposici\u00f3n se trenzaron en acusaciones mutuas de ser responsables de la situaci\u00f3n de criminalidad y violencia que vive el pa\u00eds.<\/p>\n\n\n\n<p>Tras un debate que se extendi\u00f3 por m\u00e1s de 10 horas, la iniciativa fue avalada por 423 votos en favor, de Morena y sus aliados, pero tambi\u00e9n del PAN, que ya hab\u00eda adelantado que la apoyar\u00edan para que el gobierno no tuviera \u201cpretextos\u201d para no dar resultados contra la delincuencia. En contra s\u00f3lo se registraron 63 votos, de la bancada del PRI y de MC, partido que previamente hab\u00eda avalado la ley en lo general.<\/p>\n\n\n\n<p>Tras la aprobaci\u00f3n del dictamen en lo general, alrededor de la 1:30 de la tarde, dio inicio una larga lista de 74 oradores en total que expusieron m\u00e1s de 400 reservas, ninguna de las cuales fue aceptada para su discusi\u00f3n.&nbsp;<\/p>\n\n\n\n<p>El debate se alarg\u00f3 artificialmente, en gran medida por la participaci\u00f3n en tribuna de 35 legisladores del tricolor.<\/p>\n\n\n\n<p>Aunque en la mayor parte de las siete horas que dur\u00f3 esta fase del debate s\u00f3lo se repitieron los argumentos que ya hab\u00edan expuesto todos los grupos parlamentarios, ya cerca de la votaci\u00f3n del proyecto la discusi\u00f3n volvi\u00f3 a encenderse cuando subi\u00f3 a tribuna el pri\u00edsta Carlos Guti\u00e9rrez Mancilla.<\/p>\n\n\n\n<p>Ayer, en la gresca que se provoc\u00f3, el pri\u00edsta fue acusado por el PT de querer agredir al coordinador de esa bancada, Reginaldo Sandoval, y soltarle un manotazo a la diputada Karina Rojo.<\/p>\n\n\n\n<p>Al responder a una intervenci\u00f3n hecha por el vocero morenista, Arturo \u00c1vila, quien lo acus\u00f3 de ser un \u201cjoven utilizado\u201d por el dirigente nacional pri\u00edsta, Alejandro Moreno, Guti\u00e9rrez se\u00f1al\u00f3 al diputado guinda de \u201cporro\u201d y \u201cpolitiquero de microondas\u201d.&nbsp;<\/p>\n\n\n\n<p>Asimismo, pidi\u00f3 transmitir en las pantallas del recinto un video donde \u2013afirm\u00f3\u2014 se demostraba que no hab\u00eda agredido a Rojo Pimentel y que, de hecho, \u201cla que me violenta es ella, y lo voy a llevar a sus \u00faltimas consecuencias\u201d.<\/p>\n\n\n\n<p>Lo anterior llev\u00f3 a la petista a se\u00f1alar que Guti\u00e9rrez Mancilla le lanzaba una nueva amenaza e incluso adelant\u00f3 que tambi\u00e9n lo denunciar\u00eda, por el intento de agredir a su coordinador de bancada, pero tambi\u00e9n por \u201cviolencia pol\u00edtica en raz\u00f3n de g\u00e9nero\u201d contra ella. \u201cEres un porro y un violentador y de mi cuenta corre que ser\u00e1s sancionado\u201d, le solt\u00f3 la petista.<\/p>\n\n\n\n<p>Aunque el presidente de la Mesa Directiva, Sergio Guti\u00e9rrez Luna, pidi\u00f3 a los diputados \u201ccalma, serenidad, respiren profundo\u201d, la discusi\u00f3n sigui\u00f3 encendida.&nbsp;<\/p>\n\n\n\n<p>El pri\u00edsta Erubiel Alonso felicit\u00f3 a su correligionario por responder como lo hizo, y afirm\u00f3 que, aun cuando a ellos los llamaran \u201cporros\u201d, los morenistas \u2013en particular el ex jefe de la Oficina de la Presidencia del ex presidente Andr\u00e9s Manuel L\u00f3pez Obrador, Alfonso Romo&#8211; tienen supuestos v\u00ednculos con el crimen organizado, seg\u00fan cit\u00f3 de las investigaciones de autoridades estadunidenses.<\/p>\n\n\n\n<p>\u201cAqu\u00ed el debate es de altura, entre porros y narcos. Estamos los porros que queremos un mejor pa\u00eds, que no nos arrodillamos ante el crimen organizado, y un grupo que est\u00e1 al servicio de los que hoy gobiernan este pa\u00eds y est\u00e1n de rodillas legislando sin dignidad ni verg\u00fcenza\u201d, enfatiz\u00f3.<br>Tras su aprobaci\u00f3n en lo general y en lo particular, el proyecto pas\u00f3 al Senado para la continuaci\u00f3n del tr\u00e1mite legislativo.<\/p>\n\n\n\n<p>Fuente: La <a href=\"https:\/\/www.jornada.com.mx\/noticia\/2025\/06\/25\/politica\/avalan-diputados-en-lo-particular-la-ley-general-del-snsp\">Jornada<\/a> <\/p>\n","protected":false},"excerpt":{"rendered":"<p>La C\u00e1mara de Diputados aval\u00f3 en lo particular el proyecto mediante el cual se expide la Ley General del Sistema Nacional de Seguridad P\u00fablica (SNSP), luego de una sesi\u00f3n r\u00edspida en donde el bloque mayoritario y la oposici\u00f3n se trenzaron en acusaciones mutuas de ser responsables de la situaci\u00f3n de criminalidad y violencia que vive [&hellip;]<\/p>\n","protected":false},"author":35,"featured_media":186636,"comment_status":"open","ping_status":"open","sticky":false,"template":"","format":"standard","meta":{"_monsterinsights_skip_tracking":false,"_monsterinsights_sitenote_active":false,"_monsterinsights_sitenote_note":"","_monsterinsights_sitenote_category":0,"footnotes":""},"categories":[158],"tags":[9732,566],"class_list":["post-186633","post","type-post","status-publish","format-standard","has-post-thumbnail","hentry","category-politica","tag-avalan","tag-diputados","wp-image-borders"],"amp_enabled":true,"_links":{"self":[{"href":"https:\/\/nvnoticias.mx\/index.php\/wp-json\/wp\/v2\/posts\/186633","targetHints":{"allow":["GET"]}}],"collection":[{"href":"https:\/\/nvnoticias.mx\/index.php\/wp-json\/wp\/v2\/posts"}],"about":[{"href":"https:\/\/nvnoticias.mx\/index.php\/wp-json\/wp\/v2\/types\/post"}],"author":[{"embeddable":true,"href":"https:\/\/nvnoticias.mx\/index.php\/wp-json\/wp\/v2\/users\/35"}],"replies":[{"embeddable":true,"href":"https:\/\/nvnoticias.mx\/index.php\/wp-json\/wp\/v2\/comments?post=186633"}],"version-history":[{"count":4,"href":"https:\/\/nvnoticias.mx\/index.php\/wp-json\/wp\/v2\/posts\/186633\/revisions"}],"predecessor-version":[{"id":186639,"href":"https:\/\/nvnoticias.mx\/index.php\/wp-json\/wp\/v2\/posts\/186633\/revisions\/186639"}],"wp:featuredmedia":[{"embeddable":true,"href":"https:\/\/nvnoticias.mx\/index.php\/wp-json\/wp\/v2\/media\/186636"}],"wp:attachment":[{"href":"https:\/\/nvnoticias.mx\/index.php\/wp-json\/wp\/v2\/media?parent=186633"}],"wp:term":[{"taxonomy":"category","embeddable":true,"href":"https:\/\/nvnoticias.mx\/index.php\/wp-json\/wp\/v2\/categories?post=186633"},{"taxonomy":"post_tag","embeddable":true,"href":"https:\/\/nvnoticias.mx\/index.php\/wp-json\/wp\/v2\/tags?post=186633"}],"curies":[{"name":"wp","href":"https:\/\/api.w.org\/{rel}","templated":true}]}}