{"id":186403,"date":"2025-06-24T14:10:28","date_gmt":"2025-06-24T20:10:28","guid":{"rendered":"https:\/\/nvnoticias.mx\/?p=186403"},"modified":"2025-06-24T14:10:30","modified_gmt":"2025-06-24T20:10:30","slug":"katy-perry-y-orlando-bloom-se-separan-tras-8-anos-de-relacion","status":"publish","type":"post","link":"https:\/\/nvnoticias.mx\/index.php\/2025\/06\/24\/katy-perry-y-orlando-bloom-se-separan-tras-8-anos-de-relacion\/","title":{"rendered":"Katy Perry y Orlando Bloom se separan tras 8 a\u00f1os de relaci\u00f3n"},"content":{"rendered":"\n<p>Seg\u00fan se informa,<strong>&nbsp;Katy Perry<\/strong>&nbsp;y<strong>&nbsp;Orlando Bloom<\/strong>&nbsp;terminaron su compromiso y cancelaron su relaci\u00f3n despu\u00e9s de casi nueve a\u00f1os de noviazgo.<\/p>\n\n\n\n<p>Seg\u00fan un informe de\u00a0<strong><em>TMZ<\/em>\u00a0<\/strong>publicado este martes 24 de junio, se espera que el actor de \u201cPiratas del Caribe\u201d asista a la boda de\u00a0<strong>Jeff Bezos y Lauren S\u00e1nchez<\/strong>\u00a0en Venecia como \u201c<strong>soltero<\/strong>\u201d tras aparentemente separarse de la cantante. Perry, quien se encuentra en plena gira mundial \u201cLifetimes\u201d, no asistir\u00e1 a la boda.<\/p>\n\n\n\n<p>Su relaci\u00f3n parec\u00eda ir viento en popa en mayo, cuando Katy, durante una parada de su gira en Las Vegas, brome\u00f3 con una fan por \u201cenviarle un mensaje privado a mi hombre\u201d e incluso referirse a s\u00ed misma como su \u201cesposa\u201d. Sin embargo, una fuente declar\u00f3 recientemente a\u00a0<strong><em>Us Weekly<\/em>\u00a0<\/strong>que la pareja ha estado pasando m\u00e1s tiempo separada y que han tenido problemas desde hace un tiempo.<\/p>\n\n\n\n<p>A principios de este mes, Orlando gener\u00f3 especulaciones sobre el estado de su relaci\u00f3n con su prometida despu\u00e9s de presentar a su \u201canimal de apoyo emocional\u201d en medio de rumores de que hab\u00edan cancelado su compromiso, y agreg\u00f3 que estaba \u201cmuy emocionado en este momento\u201d.<\/p>\n\n\n\n<p>La pareja de superestrellas ha estado vinculada sentimentalmente desde 2016, pero terminaron su relaci\u00f3n al a\u00f1o siguiente. Se reencontraron en 2018 y se comprometieron en 2019, antes de dar la bienvenida a su hija,\u00a0<strong>Daisy Dove Bloom<\/strong>, de cuatro a\u00f1os, en 2020.<\/p>\n\n\n\n<p>Ni Bloom ni Perry han abordado los rumores, ni han comentado los \u00faltimos informes.<\/p>\n","protected":false},"excerpt":{"rendered":"<p>Seg\u00fan se informa,&nbsp;Katy Perry&nbsp;y&nbsp;Orlando Bloom&nbsp;terminaron su compromiso y cancelaron su relaci\u00f3n despu\u00e9s de casi nueve a\u00f1os de noviazgo. Seg\u00fan un informe de\u00a0TMZ\u00a0publicado este martes 24 de junio, se espera que el actor de \u201cPiratas del Caribe\u201d asista a la boda de\u00a0Jeff Bezos y Lauren S\u00e1nchez\u00a0en Venecia como \u201csoltero\u201d tras aparentemente separarse de la cantante. Perry, [&hellip;]<\/p>\n","protected":false},"author":35,"featured_media":186404,"comment_status":"open","ping_status":"open","sticky":false,"template":"","format":"standard","meta":{"_monsterinsights_skip_tracking":false,"_monsterinsights_sitenote_active":false,"_monsterinsights_sitenote_note":"","_monsterinsights_sitenote_category":0,"footnotes":""},"categories":[576],"tags":[3043,22885],"class_list":["post-186403","post","type-post","status-publish","format-standard","has-post-thumbnail","hentry","category-ocio","tag-katy-perry","tag-orlando-bloom","wp-image-borders"],"amp_enabled":true,"_links":{"self":[{"href":"https:\/\/nvnoticias.mx\/index.php\/wp-json\/wp\/v2\/posts\/186403","targetHints":{"allow":["GET"]}}],"collection":[{"href":"https:\/\/nvnoticias.mx\/index.php\/wp-json\/wp\/v2\/posts"}],"about":[{"href":"https:\/\/nvnoticias.mx\/index.php\/wp-json\/wp\/v2\/types\/post"}],"author":[{"embeddable":true,"href":"https:\/\/nvnoticias.mx\/index.php\/wp-json\/wp\/v2\/users\/35"}],"replies":[{"embeddable":true,"href":"https:\/\/nvnoticias.mx\/index.php\/wp-json\/wp\/v2\/comments?post=186403"}],"version-history":[{"count":4,"href":"https:\/\/nvnoticias.mx\/index.php\/wp-json\/wp\/v2\/posts\/186403\/revisions"}],"predecessor-version":[{"id":186408,"href":"https:\/\/nvnoticias.mx\/index.php\/wp-json\/wp\/v2\/posts\/186403\/revisions\/186408"}],"wp:featuredmedia":[{"embeddable":true,"href":"https:\/\/nvnoticias.mx\/index.php\/wp-json\/wp\/v2\/media\/186404"}],"wp:attachment":[{"href":"https:\/\/nvnoticias.mx\/index.php\/wp-json\/wp\/v2\/media?parent=186403"}],"wp:term":[{"taxonomy":"category","embeddable":true,"href":"https:\/\/nvnoticias.mx\/index.php\/wp-json\/wp\/v2\/categories?post=186403"},{"taxonomy":"post_tag","embeddable":true,"href":"https:\/\/nvnoticias.mx\/index.php\/wp-json\/wp\/v2\/tags?post=186403"}],"curies":[{"name":"wp","href":"https:\/\/api.w.org\/{rel}","templated":true}]}}