{"id":18630,"date":"2021-07-15T09:03:47","date_gmt":"2021-07-15T14:03:47","guid":{"rendered":"https:\/\/nvnoticias.mx\/?p=18630"},"modified":"2021-07-15T09:03:48","modified_gmt":"2021-07-15T14:03:48","slug":"advierten-de-ajustes-en-plantillas-laborales-por-tercera-ola-covid","status":"publish","type":"post","link":"https:\/\/nvnoticias.mx\/index.php\/2021\/07\/15\/advierten-de-ajustes-en-plantillas-laborales-por-tercera-ola-covid\/","title":{"rendered":"Advierten de ajustes en plantillas laborales por tercera ola covid"},"content":{"rendered":"\n<p><strong>Jes\u00fas Utrilla<\/strong>&nbsp;<strong>| NV Noticias<\/strong>&nbsp;<\/p>\n\n\n\n<p>Veracruz. &#8211;&nbsp;Por la tercera ola de contagios de coronavirus, comercios de Veracruz y Boca Del R\u00edo podr\u00edan llevar a cabo ajustes en las plantillas laborales.&nbsp;<\/p>\n\n\n\n<p>El presidente de la C\u00e1mara de Comercio, Servicios y Turismo de Veracruz (CANACO SERVYTUR), Jos\u00e9 Antonio Mendoza Garc\u00eda, reiter\u00f3 que el gremio no cerrar\u00e1 sus puertas, por el&nbsp;contrario,&nbsp;continuar\u00e1n trabajando con las medidas de prevenci\u00f3n.&nbsp;<\/p>\n\n\n\n<p>Sin embargo, es necesario tomar medidas ante la complicada situaci\u00f3n que se vive.&nbsp;<br>Record\u00f3 que ya se tuvo cierres por largos periodos, incluso se va para un mes con color rojo el sem\u00e1foro en Veracruz.&nbsp;<\/p>\n\n\n\n<p>Actualmente no se ha cerrado, el trabajo se contin\u00faa haciendo, pero cumpliendo con los protocolos de salud correspondientes.&nbsp;<\/p>\n\n\n\n<blockquote class=\"wp-block-quote is-layout-flow wp-block-quote-is-layout-flow\"><p>\u201cTenemos que cuidar tanto al cliente como al mismo trabajador, se tiene que contemplar que no es la misma cantidad de personas que van a servir, en ciertas labores se tiene que recortar al personal para evitar los contagios&#8221;.\u00a0<\/p><\/blockquote>\n\n\n\n<p>Aclar\u00f3 que gracias a los protocolos y con el cumplimiento de los mismos se puede seguir trabajando, pues un cierre agravar\u00eda la situaci\u00f3n actual de los comercios porque no hay ingresos o al menos no los suficientes.&nbsp;<\/p>\n\n\n\n<p>Dentro de las medidas de prevenci\u00f3n y protocolos, se encuentra el reducir el aforo de clientes y trabajadores.&nbsp;<\/p>\n","protected":false},"excerpt":{"rendered":"<p>Jes\u00fas Utrilla&nbsp;| NV Noticias&nbsp; Veracruz. &#8211;&nbsp;Por la tercera ola de contagios de coronavirus, comercios de Veracruz y Boca Del R\u00edo podr\u00edan llevar a cabo ajustes en las plantillas laborales.&nbsp; El presidente de la C\u00e1mara de Comercio, Servicios y Turismo de Veracruz (CANACO SERVYTUR), Jos\u00e9 Antonio Mendoza Garc\u00eda, reiter\u00f3 que el gremio no cerrar\u00e1 sus puertas, [&hellip;]<\/p>\n","protected":false},"author":6,"featured_media":18632,"comment_status":"open","ping_status":"open","sticky":false,"template":"","format":"standard","meta":{"_monsterinsights_skip_tracking":false,"_monsterinsights_sitenote_active":false,"_monsterinsights_sitenote_note":"","_monsterinsights_sitenote_category":0,"footnotes":""},"categories":[154],"tags":[2290,5052,162,2436],"class_list":["post-18630","post","type-post","status-publish","format-standard","has-post-thumbnail","hentry","category-veracruz","tag-despidos","tag-plantillas-laborales","tag-portada","tag-tercera-ola","wp-image-borders"],"amp_enabled":true,"_links":{"self":[{"href":"https:\/\/nvnoticias.mx\/index.php\/wp-json\/wp\/v2\/posts\/18630","targetHints":{"allow":["GET"]}}],"collection":[{"href":"https:\/\/nvnoticias.mx\/index.php\/wp-json\/wp\/v2\/posts"}],"about":[{"href":"https:\/\/nvnoticias.mx\/index.php\/wp-json\/wp\/v2\/types\/post"}],"author":[{"embeddable":true,"href":"https:\/\/nvnoticias.mx\/index.php\/wp-json\/wp\/v2\/users\/6"}],"replies":[{"embeddable":true,"href":"https:\/\/nvnoticias.mx\/index.php\/wp-json\/wp\/v2\/comments?post=18630"}],"version-history":[{"count":1,"href":"https:\/\/nvnoticias.mx\/index.php\/wp-json\/wp\/v2\/posts\/18630\/revisions"}],"predecessor-version":[{"id":18631,"href":"https:\/\/nvnoticias.mx\/index.php\/wp-json\/wp\/v2\/posts\/18630\/revisions\/18631"}],"wp:featuredmedia":[{"embeddable":true,"href":"https:\/\/nvnoticias.mx\/index.php\/wp-json\/wp\/v2\/media\/18632"}],"wp:attachment":[{"href":"https:\/\/nvnoticias.mx\/index.php\/wp-json\/wp\/v2\/media?parent=18630"}],"wp:term":[{"taxonomy":"category","embeddable":true,"href":"https:\/\/nvnoticias.mx\/index.php\/wp-json\/wp\/v2\/categories?post=18630"},{"taxonomy":"post_tag","embeddable":true,"href":"https:\/\/nvnoticias.mx\/index.php\/wp-json\/wp\/v2\/tags?post=18630"}],"curies":[{"name":"wp","href":"https:\/\/api.w.org\/{rel}","templated":true}]}}