{"id":1862,"date":"2021-01-20T17:06:12","date_gmt":"2021-01-20T23:06:12","guid":{"rendered":"https:\/\/nvnoticias.mx\/?p=1862"},"modified":"2021-01-20T17:07:00","modified_gmt":"2021-01-20T23:07:00","slug":"discurso-de-toma-de-protesta-de-joe-biden","status":"publish","type":"post","link":"https:\/\/nvnoticias.mx\/index.php\/2021\/01\/20\/discurso-de-toma-de-protesta-de-joe-biden\/","title":{"rendered":"Pide Joe Biden durante su primer discurso terminar con la guerra civil"},"content":{"rendered":"\n<p>Alfredo S\u00e1nchez Jr \/ NV Noticias<\/p>\n\n\n\n<p>Durante su primer discurso luego de jurar como presidente de Estados Unidos, Joe Biden, hizo un llamado a todos los estadounidenses a \u201cterminar con esta guerra civil\u201d que ha sido una disputa que sea enfrentado entre azules contra rojos, liberales en contra de conservadores&#8221;. <\/p>\n\n\n\n<p>Por otra parte mencion\u00f3 Biden hizo un llamado a la unidad para tener un pa\u00eds m\u00e1s fuerte.<\/p>\n\n\n\n<blockquote class=\"wp-block-quote is-layout-flow wp-block-quote-is-layout-flow\"><p><br><em>\u201cPodemos darnos una mano, ayudarnos unos a otro. Si lo hacemos, tendremos un pa\u00eds m\u00e1s fuerte y a\u00fan podemos estar en desacuerdo, pero necesitamos toda nuestra fuerza para prevalecer a este invierno oscuro\u201d.<\/em><\/p><\/blockquote>\n\n\n\n<p>As\u00ed mismo dio referencia a las problem\u00e1ticas que se vivieron d\u00edas antes en el Capitolio, espec\u00edficamente, cuando se presentaron los disturbio generados por los seguidores del expresidente Donald Trump.<\/p>\n\n\n\n<blockquote class=\"wp-block-quote is-layout-flow wp-block-quote-is-layout-flow\"><p><strong><em>&#8220;Es un d\u00eda hist\u00f3rico y de esperanza, de renovaci\u00f3n y resoluci\u00f3n&#8221; .<\/em><\/strong><\/p><\/blockquote>\n\n\n\n<p>Finalmente concluy\u00f3 su discurso prometiendo que buscar\u00e1 actuar con \u201cdecencia\u201d para proteger la Constituci\u00f3n de los Estados Unidos, as\u00ed mismo agradeci\u00f3 a todo el pa\u00eds.<\/p>\n\n\n\n<figure class=\"wp-block-embed is-type-video is-provider-youtube wp-block-embed-youtube wp-embed-aspect-16-9 wp-has-aspect-ratio\"><div class=\"wp-block-embed__wrapper\">\n<iframe loading=\"lazy\"  id=\"_ytid_41484\"  width=\"880\" height=\"495\"  data-origwidth=\"880\" data-origheight=\"495\"  data-relstop=\"1\" src=\"https:\/\/www.youtube.com\/embed\/mmPs0aVg2b8?enablejsapi=1&#038;autoplay=0&#038;cc_load_policy=0&#038;cc_lang_pref=&#038;iv_load_policy=1&#038;loop=0&#038;rel=0&#038;fs=1&#038;playsinline=0&#038;autohide=2&#038;theme=dark&#038;color=red&#038;controls=1&#038;\" class=\"__youtube_prefs__  epyt-is-override  no-lazyload\" title=\"YouTube player\"  allow=\"fullscreen; accelerometer; autoplay; clipboard-write; encrypted-media; gyroscope; picture-in-picture; web-share\" referrerpolicy=\"strict-origin-when-cross-origin\" allowfullscreen data-no-lazy=\"1\" data-skipgform_ajax_framebjll=\"\"><\/iframe>\n<\/div><\/figure>\n\n\n\n<p><br>Fuente: El Universal, Milenio y El Pa\u00eds<br><\/p>\n","protected":false},"excerpt":{"rendered":"<p>Alfredo S\u00e1nchez Jr \/ NV Noticias Durante su primer discurso luego de jurar como presidente de Estados Unidos, Joe Biden, hizo un llamado a todos los estadounidenses a \u201cterminar con esta guerra civil\u201d que ha sido una disputa que sea enfrentado entre azules contra rojos, liberales en contra de conservadores&#8221;. Por otra parte mencion\u00f3 Biden [&hellip;]<\/p>\n","protected":false},"author":8,"featured_media":1881,"comment_status":"open","ping_status":"open","sticky":false,"template":"","format":"standard","meta":{"_monsterinsights_skip_tracking":false,"_monsterinsights_sitenote_active":false,"_monsterinsights_sitenote_note":"","_monsterinsights_sitenote_category":0,"footnotes":""},"categories":[158],"tags":[183,182,190,605],"class_list":["post-1862","post","type-post","status-publish","format-standard","has-post-thumbnail","hentry","category-politica","tag-estados-unidos","tag-joe-biden","tag-politica","tag-usa","wp-image-borders"],"amp_enabled":true,"_links":{"self":[{"href":"https:\/\/nvnoticias.mx\/index.php\/wp-json\/wp\/v2\/posts\/1862","targetHints":{"allow":["GET"]}}],"collection":[{"href":"https:\/\/nvnoticias.mx\/index.php\/wp-json\/wp\/v2\/posts"}],"about":[{"href":"https:\/\/nvnoticias.mx\/index.php\/wp-json\/wp\/v2\/types\/post"}],"author":[{"embeddable":true,"href":"https:\/\/nvnoticias.mx\/index.php\/wp-json\/wp\/v2\/users\/8"}],"replies":[{"embeddable":true,"href":"https:\/\/nvnoticias.mx\/index.php\/wp-json\/wp\/v2\/comments?post=1862"}],"version-history":[{"count":6,"href":"https:\/\/nvnoticias.mx\/index.php\/wp-json\/wp\/v2\/posts\/1862\/revisions"}],"predecessor-version":[{"id":1903,"href":"https:\/\/nvnoticias.mx\/index.php\/wp-json\/wp\/v2\/posts\/1862\/revisions\/1903"}],"wp:featuredmedia":[{"embeddable":true,"href":"https:\/\/nvnoticias.mx\/index.php\/wp-json\/wp\/v2\/media\/1881"}],"wp:attachment":[{"href":"https:\/\/nvnoticias.mx\/index.php\/wp-json\/wp\/v2\/media?parent=1862"}],"wp:term":[{"taxonomy":"category","embeddable":true,"href":"https:\/\/nvnoticias.mx\/index.php\/wp-json\/wp\/v2\/categories?post=1862"},{"taxonomy":"post_tag","embeddable":true,"href":"https:\/\/nvnoticias.mx\/index.php\/wp-json\/wp\/v2\/tags?post=1862"}],"curies":[{"name":"wp","href":"https:\/\/api.w.org\/{rel}","templated":true}]}}