{"id":185933,"date":"2025-06-14T13:46:38","date_gmt":"2025-06-14T19:46:38","guid":{"rendered":"https:\/\/nvnoticias.mx\/?p=185933"},"modified":"2025-06-14T13:46:40","modified_gmt":"2025-06-14T19:46:40","slug":"reorganizan-equipo-en-la-secretaria-de-cultura","status":"publish","type":"post","link":"https:\/\/nvnoticias.mx\/index.php\/2025\/06\/14\/reorganizan-equipo-en-la-secretaria-de-cultura\/","title":{"rendered":"Reorganizan equipo en la Secretar\u00eda de Cultura"},"content":{"rendered":"\n<p><\/p>\n\n\n\n<p><strong>Sam Ojeda \/ NV Noticias<\/strong><\/p>\n\n\n\n<p>Xalapa.- Con la llegada de X\u00f3chitl Molina Gonz\u00e1lez como nueva titular de la Secretar\u00eda de Cultura de Veracruz, la dependencia atraviesa un proceso de ajustes en su equipo de trabajo.<\/p>\n\n\n\n<p>Parte del personal que colaboraba en la administraci\u00f3n anterior ya no contin\u00faa, confirm\u00f3 la funcionaria, quien aclar\u00f3 que los cambios han afectado \u00fanicamente a trabajadores de confianza.<\/p>\n\n\n\n<p>Molina Gonz\u00e1lez explic\u00f3 que este tipo de modificaciones son habituales con cada relevo en el gabinete, pues los titulares suelen integrar a su propio equipo cercano.<\/p>\n\n\n\n<p>\u201cEs normal que los funcionarios lleven a su gente de confianza; eso fue lo que pas\u00f3\u201d, coment\u00f3.<\/p>\n\n\n\n<p>A pesar de la depuraci\u00f3n inicial, la secretaria admiti\u00f3 que la plantilla actual es insuficiente para cubrir las necesidades de operaci\u00f3n, especialmente por la cantidad de recintos culturales que la dependencia administra.<\/p>\n\n\n\n<p>Estim\u00f3 que se requieren al menos diez nuevos trabajadores para reforzar las tareas en distintas \u00e1reas.<\/p>\n\n\n\n<p>Adem\u00e1s, se\u00f1al\u00f3 que buena parte del personal activo se encuentra en un rango de edad avanzada, lo cual representa una limitaci\u00f3n para ciertas funciones f\u00edsicas.<\/p>\n\n\n\n<p>\u201cTenemos trabajadores de edad muy avanzada, incluso algunos cercanos a los 90 a\u00f1os, y eso implica un riesgo si siguen en labores que demandan esfuerzo\u201d, advirti\u00f3.<\/p>\n\n\n\n<p>Ante esta situaci\u00f3n, adelant\u00f3 que est\u00e1n valorando una reestructuraci\u00f3n interna que permita redistribuir responsabilidades sin exponer al personal.<\/p>\n\n\n\n<p>No obstante, aclar\u00f3 que por ahora no se ha aplicado ning\u00fan programa de retiro anticipado, como ha ocurrido en otras \u00e1reas del gobierno estatal.<\/p>\n","protected":false},"excerpt":{"rendered":"<p>Sam Ojeda \/ NV Noticias Xalapa.- Con la llegada de X\u00f3chitl Molina Gonz\u00e1lez como nueva titular de la Secretar\u00eda de Cultura de Veracruz, la dependencia atraviesa un proceso de ajustes en su equipo de trabajo. Parte del personal que colaboraba en la administraci\u00f3n anterior ya no contin\u00faa, confirm\u00f3 la funcionaria, quien aclar\u00f3 que los cambios [&hellip;]<\/p>\n","protected":false},"author":8,"featured_media":107818,"comment_status":"open","ping_status":"open","sticky":false,"template":"","format":"standard","meta":{"_monsterinsights_skip_tracking":false,"_monsterinsights_sitenote_active":false,"_monsterinsights_sitenote_note":"","_monsterinsights_sitenote_category":0,"footnotes":""},"categories":[156],"tags":[25538,4666],"class_list":["post-185933","post","type-post","status-publish","format-standard","has-post-thumbnail","hentry","category-estado","tag-reorganizacion","tag-secretaria-de-cultura","wp-image-borders"],"amp_enabled":true,"_links":{"self":[{"href":"https:\/\/nvnoticias.mx\/index.php\/wp-json\/wp\/v2\/posts\/185933","targetHints":{"allow":["GET"]}}],"collection":[{"href":"https:\/\/nvnoticias.mx\/index.php\/wp-json\/wp\/v2\/posts"}],"about":[{"href":"https:\/\/nvnoticias.mx\/index.php\/wp-json\/wp\/v2\/types\/post"}],"author":[{"embeddable":true,"href":"https:\/\/nvnoticias.mx\/index.php\/wp-json\/wp\/v2\/users\/8"}],"replies":[{"embeddable":true,"href":"https:\/\/nvnoticias.mx\/index.php\/wp-json\/wp\/v2\/comments?post=185933"}],"version-history":[{"count":1,"href":"https:\/\/nvnoticias.mx\/index.php\/wp-json\/wp\/v2\/posts\/185933\/revisions"}],"predecessor-version":[{"id":185934,"href":"https:\/\/nvnoticias.mx\/index.php\/wp-json\/wp\/v2\/posts\/185933\/revisions\/185934"}],"wp:featuredmedia":[{"embeddable":true,"href":"https:\/\/nvnoticias.mx\/index.php\/wp-json\/wp\/v2\/media\/107818"}],"wp:attachment":[{"href":"https:\/\/nvnoticias.mx\/index.php\/wp-json\/wp\/v2\/media?parent=185933"}],"wp:term":[{"taxonomy":"category","embeddable":true,"href":"https:\/\/nvnoticias.mx\/index.php\/wp-json\/wp\/v2\/categories?post=185933"},{"taxonomy":"post_tag","embeddable":true,"href":"https:\/\/nvnoticias.mx\/index.php\/wp-json\/wp\/v2\/tags?post=185933"}],"curies":[{"name":"wp","href":"https:\/\/api.w.org\/{rel}","templated":true}]}}