{"id":185924,"date":"2025-06-14T13:35:41","date_gmt":"2025-06-14T19:35:41","guid":{"rendered":"https:\/\/nvnoticias.mx\/?p=185924"},"modified":"2025-06-14T13:35:44","modified_gmt":"2025-06-14T19:35:44","slug":"preven-lluvias-intensas-en-veracruz-hasta-el-martes","status":"publish","type":"post","link":"https:\/\/nvnoticias.mx\/index.php\/2025\/06\/14\/preven-lluvias-intensas-en-veracruz-hasta-el-martes\/","title":{"rendered":"Prev\u00e9n lluvias intensas en Veracruz hasta el martes"},"content":{"rendered":"\n<p><\/p>\n\n\n\n<p><strong>Sam Ojeda \/ NV Noticias<\/strong><\/p>\n\n\n\n<p>Xalapa.- Autoridades de Protecci\u00f3n Civil alertaron sobre un periodo de lluvias intensas que se extender\u00e1 en gran parte del estado de Veracruz desde este fin de semana y hasta el martes 17 de junio.&nbsp;<\/p>\n\n\n\n<p>La advertencia forma parte de un aviso especial emitido por el \u00e1rea de Fen\u00f3menos Atmosf\u00e9ricos, ante la posibilidad de afectaciones por el exceso de agua.<\/p>\n\n\n\n<p>Jos\u00e9 Llanos Arias, subcoordinador del \u00e1rea, inform\u00f3 que las precipitaciones podr\u00edan acumular hasta 70 mil\u00edmetros en regiones monta\u00f1osas y cuencas como las de los r\u00edos Papaloapan, Tonal\u00e1, Jamapa-Cotaxtla y Tecolutla.<\/p>\n\n\n\n<p>&nbsp;El d\u00eda con mayor intensidad ser\u00eda el lunes 16, cuando se prev\u00e9n acumulados de hasta 70 mil\u00edmetros en zonas altas y de 50 mil\u00edmetros en gran parte del territorio estatal.<\/p>\n\n\n\n<p>Adem\u00e1s de las lluvias, se esperan vientos con rachas de entre 20 y 35 kil\u00f3metros por hora, as\u00ed como oleaje elevado de hasta dos metros en la franja costera.<\/p>\n\n\n\n<p>Las autoridades pidieron a la poblaci\u00f3n mantenerse atenta ante posibles desbordamientos de r\u00edos, deslaves en zonas de ladera, inundaciones urbanas y afectaciones a caminos, \u00e1rboles y servicios b\u00e1sicos.<\/p>\n\n\n\n<p>&nbsp;Tambi\u00e9n recomendaron precauci\u00f3n por la posible reducci\u00f3n de visibilidad al conducir y otros riesgos asociados al mal tiempo.<\/p>\n\n\n\n<p>Protecci\u00f3n Civil reiter\u00f3 el llamado a consultar fuentes oficiales para el seguimiento de los avisos meteorol\u00f3gicos y adoptar medidas preventivas en zonas de mayor vulnerabilidad.<\/p>\n","protected":false},"excerpt":{"rendered":"<p>Sam Ojeda \/ NV Noticias Xalapa.- Autoridades de Protecci\u00f3n Civil alertaron sobre un periodo de lluvias intensas que se extender\u00e1 en gran parte del estado de Veracruz desde este fin de semana y hasta el martes 17 de junio.&nbsp; La advertencia forma parte de un aviso especial emitido por el \u00e1rea de Fen\u00f3menos Atmosf\u00e9ricos, ante [&hellip;]<\/p>\n","protected":false},"author":8,"featured_media":125298,"comment_status":"open","ping_status":"open","sticky":false,"template":"","format":"standard","meta":{"_monsterinsights_skip_tracking":false,"_monsterinsights_sitenote_active":false,"_monsterinsights_sitenote_note":"","_monsterinsights_sitenote_category":0,"footnotes":""},"categories":[156],"tags":[3332,162,180],"class_list":["post-185924","post","type-post","status-publish","format-standard","has-post-thumbnail","hentry","category-estado","tag-lluvias","tag-portada","tag-veracruz","wp-image-borders"],"amp_enabled":true,"_links":{"self":[{"href":"https:\/\/nvnoticias.mx\/index.php\/wp-json\/wp\/v2\/posts\/185924","targetHints":{"allow":["GET"]}}],"collection":[{"href":"https:\/\/nvnoticias.mx\/index.php\/wp-json\/wp\/v2\/posts"}],"about":[{"href":"https:\/\/nvnoticias.mx\/index.php\/wp-json\/wp\/v2\/types\/post"}],"author":[{"embeddable":true,"href":"https:\/\/nvnoticias.mx\/index.php\/wp-json\/wp\/v2\/users\/8"}],"replies":[{"embeddable":true,"href":"https:\/\/nvnoticias.mx\/index.php\/wp-json\/wp\/v2\/comments?post=185924"}],"version-history":[{"count":1,"href":"https:\/\/nvnoticias.mx\/index.php\/wp-json\/wp\/v2\/posts\/185924\/revisions"}],"predecessor-version":[{"id":185925,"href":"https:\/\/nvnoticias.mx\/index.php\/wp-json\/wp\/v2\/posts\/185924\/revisions\/185925"}],"wp:featuredmedia":[{"embeddable":true,"href":"https:\/\/nvnoticias.mx\/index.php\/wp-json\/wp\/v2\/media\/125298"}],"wp:attachment":[{"href":"https:\/\/nvnoticias.mx\/index.php\/wp-json\/wp\/v2\/media?parent=185924"}],"wp:term":[{"taxonomy":"category","embeddable":true,"href":"https:\/\/nvnoticias.mx\/index.php\/wp-json\/wp\/v2\/categories?post=185924"},{"taxonomy":"post_tag","embeddable":true,"href":"https:\/\/nvnoticias.mx\/index.php\/wp-json\/wp\/v2\/tags?post=185924"}],"curies":[{"name":"wp","href":"https:\/\/api.w.org\/{rel}","templated":true}]}}