{"id":18587,"date":"2021-07-14T13:16:54","date_gmt":"2021-07-14T18:16:54","guid":{"rendered":"https:\/\/nvnoticias.mx\/?p=18587"},"modified":"2021-07-14T13:16:54","modified_gmt":"2021-07-14T18:16:54","slug":"pide-canacintra-que-se-atiendan-carencias-parque-industrial-bruno-pagliai","status":"publish","type":"post","link":"https:\/\/nvnoticias.mx\/index.php\/2021\/07\/14\/pide-canacintra-que-se-atiendan-carencias-parque-industrial-bruno-pagliai\/","title":{"rendered":"Pide Canacintra que se atiendan carencias del parque industrial Bruno Pagliai"},"content":{"rendered":"\n<p><strong>Jes\u00fas Utrilla<\/strong>&nbsp;<strong>| NV Noticias<\/strong>&nbsp;<\/p>\n\n\n\n<p>Veracruz. &#8211;&nbsp;Urgen inversiones en el parque industrial de Veracruz, Bruno Pagliai, pues se encuentra en el abandono e incluso devastado, se\u00f1al\u00f3 Antonio Campa P\u00e9rez, Tesorero de la C\u00e1mara Nacional de la Industria de la Transformaci\u00f3n en Veracruz (Canacintra).&nbsp;<\/p>\n\n\n\n<p>Dijo que adem\u00e1s de contemplar inversiones para la regi\u00f3n de Coatzacoalcos, con las obras del Corredor Interoce\u00e1nico, tienen que atenderse las carencias en la ciudad de Veracruz.&nbsp;<\/p>\n\n\n\n<blockquote class=\"wp-block-quote is-layout-flow wp-block-quote-is-layout-flow\"><p>\u201cLa ciudad Bruno Pagliai est\u00e1 totalmente devastada, destrozada. Hay que mirar para esos destinos que ya est\u00e1n. La inversi\u00f3n debe estar generalizada y que bueno que quieran llevar inversi\u00f3n a otras\u00a0partes,\u00a0pero yo pensar\u00eda mucho en el municipio de Veracruz\u201d.\u00a0<\/p><\/blockquote>\n\n\n\n<p>Insisti\u00f3 en que adem\u00e1s de pensar en construir otros parques industriales deber\u00eda atenderse los ya existentes.&nbsp;<\/p>\n\n\n\n<p>En el caso de Bruno Pagliai dijo que podr\u00eda ser un parque de alta inversi\u00f3n por su cercan\u00eda con el Puerto de Veracruz.&nbsp;<\/p>\n\n\n\n<p>Y es que en temas log\u00edsticos dicho complejo es viable para las empresas.&nbsp;<\/p>\n\n\n\n<p>Por ello conf\u00edo que en breve se establezca un proyecto integral que permita su rescate.&nbsp;<\/p>\n\n\n\n<p>Cabe recordar que la&nbsp;Sedecop&nbsp;anunci\u00f3 que el pr\u00f3ximo a\u00f1o se inaugurar\u00e1 uno de los cuatro parques industriales del Puerto de Coatzacoalcos, adem\u00e1s que entre 2020 y parte de 2021 se invirtieron 800 millones de pesos y las inversiones contin\u00faan.&nbsp;<\/p>\n\n\n\n<p>Como parte del Corredor Interoce\u00e1nico del Istmo de Tehuantepec se construir\u00e1n cuatro complejos industriales en Veracruz y seis en Oaxaca.&nbsp;<\/p>\n","protected":false},"excerpt":{"rendered":"<p>Jes\u00fas Utrilla&nbsp;| NV Noticias&nbsp; Veracruz. &#8211;&nbsp;Urgen inversiones en el parque industrial de Veracruz, Bruno Pagliai, pues se encuentra en el abandono e incluso devastado, se\u00f1al\u00f3 Antonio Campa P\u00e9rez, Tesorero de la C\u00e1mara Nacional de la Industria de la Transformaci\u00f3n en Veracruz (Canacintra).&nbsp; Dijo que adem\u00e1s de contemplar inversiones para la regi\u00f3n de Coatzacoalcos, con las [&hellip;]<\/p>\n","protected":false},"author":6,"featured_media":18590,"comment_status":"open","ping_status":"open","sticky":false,"template":"","format":"standard","meta":{"_monsterinsights_skip_tracking":false,"_monsterinsights_sitenote_active":false,"_monsterinsights_sitenote_note":"","_monsterinsights_sitenote_category":0,"footnotes":""},"categories":[154],"tags":[5033,275,5032],"class_list":["post-18587","post","type-post","status-publish","format-standard","has-post-thumbnail","hentry","category-veracruz","tag-bruno-pagliai","tag-canacintra","tag-parque-industrial","wp-image-borders"],"amp_enabled":true,"_links":{"self":[{"href":"https:\/\/nvnoticias.mx\/index.php\/wp-json\/wp\/v2\/posts\/18587","targetHints":{"allow":["GET"]}}],"collection":[{"href":"https:\/\/nvnoticias.mx\/index.php\/wp-json\/wp\/v2\/posts"}],"about":[{"href":"https:\/\/nvnoticias.mx\/index.php\/wp-json\/wp\/v2\/types\/post"}],"author":[{"embeddable":true,"href":"https:\/\/nvnoticias.mx\/index.php\/wp-json\/wp\/v2\/users\/6"}],"replies":[{"embeddable":true,"href":"https:\/\/nvnoticias.mx\/index.php\/wp-json\/wp\/v2\/comments?post=18587"}],"version-history":[{"count":1,"href":"https:\/\/nvnoticias.mx\/index.php\/wp-json\/wp\/v2\/posts\/18587\/revisions"}],"predecessor-version":[{"id":18588,"href":"https:\/\/nvnoticias.mx\/index.php\/wp-json\/wp\/v2\/posts\/18587\/revisions\/18588"}],"wp:featuredmedia":[{"embeddable":true,"href":"https:\/\/nvnoticias.mx\/index.php\/wp-json\/wp\/v2\/media\/18590"}],"wp:attachment":[{"href":"https:\/\/nvnoticias.mx\/index.php\/wp-json\/wp\/v2\/media?parent=18587"}],"wp:term":[{"taxonomy":"category","embeddable":true,"href":"https:\/\/nvnoticias.mx\/index.php\/wp-json\/wp\/v2\/categories?post=18587"},{"taxonomy":"post_tag","embeddable":true,"href":"https:\/\/nvnoticias.mx\/index.php\/wp-json\/wp\/v2\/tags?post=18587"}],"curies":[{"name":"wp","href":"https:\/\/api.w.org\/{rel}","templated":true}]}}