{"id":185854,"date":"2025-06-13T13:24:37","date_gmt":"2025-06-13T19:24:37","guid":{"rendered":"https:\/\/nvnoticias.mx\/?p=185854"},"modified":"2025-06-13T13:24:39","modified_gmt":"2025-06-13T19:24:39","slug":"mexico-siempre-va-a-promover-la-paz-sheinbaum-sobre-crisis-y-tensiones-en-medio-oriente","status":"publish","type":"post","link":"https:\/\/nvnoticias.mx\/index.php\/2025\/06\/13\/mexico-siempre-va-a-promover-la-paz-sheinbaum-sobre-crisis-y-tensiones-en-medio-oriente\/","title":{"rendered":"M\u00e9xico siempre va a promover la paz: Sheinbaum sobre crisis y tensiones en Medio Oriente"},"content":{"rendered":"\n<p>|Esta ma\u00f1ana, la presidenta\u00a0<strong>Claudia Sheinbaum Pardo<\/strong>\u00a0habl\u00f3 sobre las recientes\u00a0<strong>tensiones mundiales<\/strong>\u00a0que existen tras el inicio de una serie de ataques con misiles por parte del\u00a0<strong>Estado de Israel\u00a0<\/strong>a\u00a0<strong>complejos militares<\/strong>\u00a0y<strong>\u00a0complejos nucleares\u00a0<\/strong>de\u00a0<strong>Ir\u00e1n\u00a0<\/strong>\u2015al igual que la ciudad de\u00a0<strong>Teher\u00e1n<\/strong>\u2015 la noche del jueves 12 de junio de 2025 (fecha y hora local).<a href=\"https:\/\/www.infobae.com\/mexico\/2025\/06\/13\/gobierno-de-sheinbaum-presenta-campana-turistica-del-plan-mexico-asi-buscara-que-el-pais-este-de-moda\/\" target=\"_blank\" rel=\"noreferrer noopener\"><\/a><\/p>\n\n\n\n<p>&#8220;Al respecto, la mandataria mexicana destac\u00f3 que la postura de M\u00e9xico<strong>\u00a0\u201ces que siempre haya paz\u201d\u00a0<\/strong>y, seg\u00fan ella, su gobierno la promover\u00e1 de todas las formas posibles y de \u201cmanera amplia\u201d. Tales aseveraciones vinieron despu\u00e9s de que fuera cuestionada por las<strong>\u00a0recientes protestas en Estados Unidos\u00a0<\/strong>por parte de connacionales mexicanos contra las\u00a0<strong>redadas anti-inmigrantes\u00a0<\/strong>en la ciudad de\u00a0<strong>Los \u00c1ngeles<\/strong>,<strong>\u00a0California<\/strong>.<\/p>\n\n\n\n<p>Previo a esta primera postura oficial del<strong>\u00a0Gobierno de M\u00e9xico<\/strong>, la\u00a0<strong>Secretar\u00eda de Relaciones Exteriores\u00a0<\/strong>(<strong>SRE<\/strong>) expres\u00f3 su preocupaci\u00f3n por la reciente escalada de violencia entre ambas naciones a trav\u00e9s de un mensaje en su cuenta oficial en X, donde, esencialmente, esperan \u201cprivilegiar una soluci\u00f3n pac\u00edfica de las controversias\u201d, al igual que \u201cpriorizar el\u00a0<strong>di\u00e1logo\u00a0<\/strong>y la\u00a0<strong>v\u00eda diplom\u00e1tica<\/strong>\u201d en ese sentido:<a href=\"https:\/\/www.infobae.com\/mexico\/2025\/06\/13\/sheinbaum-reconoce-a-xochitl-galvez-por-comentarios-sobre-hugo-aguilar-ortiz-a-ver-si-no-cambia-de-opinion\/\" target=\"_blank\" rel=\"noreferrer noopener\"><\/a><\/p>\n\n\n\n<p><div><span style=\"font-size: 17.6px;\">\u201cDe conformidad con nuestros principios constitucionales de pol\u00edtica exterior, la SRE reitera la vocaci\u00f3n pacifista de nuestro pa\u00eds, que privilegia el di\u00e1logo y la v\u00eda diplom\u00e1tica para la soluci\u00f3n de controversias sobre las opciones militares\u201d, a\u00f1adi\u00f3 en dicha publicaci\u00f3n emitida a las 23:05 horas del pasado 11 de junio.<\/span><\/div><\/p>\n\n\n\n<figure class=\"wp-block-image size-full\"><img loading=\"lazy\" decoding=\"async\" width=\"768\" height=\"432\" src=\"https:\/\/nvnoticias.mx\/wp-content\/uploads\/2025\/06\/17498426201098131876491936283073.jpg\" alt=\"\" class=\"wp-image-185859\" srcset=\"https:\/\/nvnoticias.mx\/wp-content\/uploads\/2025\/06\/17498426201098131876491936283073.jpg 768w, https:\/\/nvnoticias.mx\/wp-content\/uploads\/2025\/06\/17498426201098131876491936283073-300x169.jpg 300w, https:\/\/nvnoticias.mx\/wp-content\/uploads\/2025\/06\/17498426201098131876491936283073-600x337.jpg 600w\" sizes=\"auto, (max-width: 768px) 100vw, 768px\" \/><\/figure>\n\n\n\n<p><a href=\"https:\/\/www.infobae.com\/mexico\/2025\/06\/13\/mexico-siempre-va-a-promover-la-paz-sheinbaum-tras-crisis-y-escalada-de-violencia-en-medio-oriente\/\">Fuente: Infobae<\/a><\/p>\n","protected":false},"excerpt":{"rendered":"<p>|Esta ma\u00f1ana, la presidenta\u00a0Claudia Sheinbaum Pardo\u00a0habl\u00f3 sobre las recientes\u00a0tensiones mundiales\u00a0que existen tras el inicio de una serie de ataques con misiles por parte del\u00a0Estado de Israel\u00a0a\u00a0complejos militares\u00a0y\u00a0complejos nucleares\u00a0de\u00a0Ir\u00e1n\u00a0\u2015al igual que la ciudad de\u00a0Teher\u00e1n\u2015 la noche del jueves 12 de junio de 2025 (fecha y hora local). &#8220;Al respecto, la mandataria mexicana destac\u00f3 que la postura [&hellip;]<\/p>\n","protected":false},"author":35,"featured_media":185520,"comment_status":"open","ping_status":"open","sticky":false,"template":"","format":"standard","meta":{"_monsterinsights_skip_tracking":false,"_monsterinsights_sitenote_active":false,"_monsterinsights_sitenote_note":"","_monsterinsights_sitenote_category":0,"footnotes":""},"categories":[157],"tags":[2801,17156,162],"class_list":["post-185854","post","type-post","status-publish","format-standard","has-post-thumbnail","hentry","category-nacional","tag-claudia-sheinbaum","tag-medio-oriente","tag-portada","wp-image-borders"],"amp_enabled":true,"_links":{"self":[{"href":"https:\/\/nvnoticias.mx\/index.php\/wp-json\/wp\/v2\/posts\/185854","targetHints":{"allow":["GET"]}}],"collection":[{"href":"https:\/\/nvnoticias.mx\/index.php\/wp-json\/wp\/v2\/posts"}],"about":[{"href":"https:\/\/nvnoticias.mx\/index.php\/wp-json\/wp\/v2\/types\/post"}],"author":[{"embeddable":true,"href":"https:\/\/nvnoticias.mx\/index.php\/wp-json\/wp\/v2\/users\/35"}],"replies":[{"embeddable":true,"href":"https:\/\/nvnoticias.mx\/index.php\/wp-json\/wp\/v2\/comments?post=185854"}],"version-history":[{"count":5,"href":"https:\/\/nvnoticias.mx\/index.php\/wp-json\/wp\/v2\/posts\/185854\/revisions"}],"predecessor-version":[{"id":185861,"href":"https:\/\/nvnoticias.mx\/index.php\/wp-json\/wp\/v2\/posts\/185854\/revisions\/185861"}],"wp:featuredmedia":[{"embeddable":true,"href":"https:\/\/nvnoticias.mx\/index.php\/wp-json\/wp\/v2\/media\/185520"}],"wp:attachment":[{"href":"https:\/\/nvnoticias.mx\/index.php\/wp-json\/wp\/v2\/media?parent=185854"}],"wp:term":[{"taxonomy":"category","embeddable":true,"href":"https:\/\/nvnoticias.mx\/index.php\/wp-json\/wp\/v2\/categories?post=185854"},{"taxonomy":"post_tag","embeddable":true,"href":"https:\/\/nvnoticias.mx\/index.php\/wp-json\/wp\/v2\/tags?post=185854"}],"curies":[{"name":"wp","href":"https:\/\/api.w.org\/{rel}","templated":true}]}}