{"id":185747,"date":"2025-06-12T14:34:05","date_gmt":"2025-06-12T20:34:05","guid":{"rendered":"https:\/\/nvnoticias.mx\/?p=185747"},"modified":"2025-06-12T14:34:07","modified_gmt":"2025-06-12T20:34:07","slug":"publica-dof-modificacion-a-estatuto-del-inpi","status":"publish","type":"post","link":"https:\/\/nvnoticias.mx\/index.php\/2025\/06\/12\/publica-dof-modificacion-a-estatuto-del-inpi\/","title":{"rendered":"Publica DOF modificaci\u00f3n a estatuto del INPI"},"content":{"rendered":"\n<p>En el Diario Oficial de la Federaci\u00f3n (DOF) fue publicado hoy el Acuerdo por el que se modifica el Estatuto Org\u00e1nico del Instituto Nacional de los Pueblos Ind\u00edgenas (INPI), que data de marzo de 2019. El Acuerdo entrar\u00e1 en vigor ma\u00f1ana.<\/p>\n\n\n\n<p>En el escrito se se\u00f1ala que el director general de la instituci\u00f3n, Adelfo Regino Montes, tendr\u00e1 atribuciones adicionales a las que ya desempe\u00f1a. Entre ellas: dirigir la organizaci\u00f3n y funcionamiento de las Oficinas de Representaci\u00f3n y de los Centros Coordinadores del INPI y establecer acciones para la colaboraci\u00f3n, coordinaci\u00f3n y concertaci\u00f3n de esas Oficinas con las representaciones de la Administraci\u00f3n P\u00fablica Federal, entidades federativas y municipales, as\u00ed como con los pueblos ind\u00edgenas y afromexicano.<\/p>\n\n\n\n<p>De igual forma tendr\u00e1 que dirigir la atenci\u00f3n de las solicitudes realizadas por los pueblos y comunidades ind\u00edgenas y afromexicanas, sus autoridades y representantes y p\u00fablico en general, para canalizarlas a las Unidades Administrativas del INPI o a las instancias competentes de los tres \u00f3rdenes de gobierno.<\/p>\n\n\n\n<p>Asimismo, convocar y dirigir las sesiones de la Asamblea Directiva para el an\u00e1lisis y deliberaci\u00f3n de asuntos relevantes de la Instituci\u00f3n que permitan una adecuada toma de decisiones, y autorizar, dirigir, coordinar y verificar las actividades de comunicaci\u00f3n social y del Sistema de Radiodifusoras Culturales Ind\u00edgenas para que las difusiones o transmisiones del INPI se ajusten a las disposiciones que para tales efectos emitan las autoridades competentes,<\/p>\n\n\n\n<p>El Acuerdo establece que entre las competencias de la Coordinaci\u00f3n General de Administraci\u00f3n y Finanzas del INPI est\u00e1 autorizar los nombramientos y movimientos del personal, as\u00ed como la terminaci\u00f3n de la relaci\u00f3n laboral, administrar las pol\u00edticas laborales contenidas en el contrato colectivo de trabajo, as\u00ed como representar y conducir las relaciones del INPI con el Sindicato Nacional de Trabajadores Indigenistas.<\/p>\n\n\n\n<p>Tambi\u00e9n corresponde a esa instancia administrar el Servicio Profesional de Carrera del INPI y proponer al director general modificaciones al Estatuto del Servicio Profesional de Carrera del Instituto y autorizar el otorgamiento de licencias, est\u00edmulos, recompensas y prestaciones que establezcan las disposiciones jur\u00eddicas aplicables, as\u00ed como imponer sanciones por incumplimiento a sus obligaciones en materia laboral al personal del Instituto.<\/p>\n\n\n\n<p>Entre sus competencias est\u00e1 presentar propuestas de modificaci\u00f3n de los tabuladores de sueldos y esquemas de prestaciones aplicables al personal del Instituto y solicitar su autorizaci\u00f3n y registro ante las instancias correspondientes y administrar los bienes muebles e inmuebles a cargo del Instituto.<\/p>\n\n\n\n<p>Fuente: La <a href=\"https:\/\/www.jornada.com.mx\/noticia\/2025\/06\/12\/politica\/publica-dof-modificacion-a-estatuto-del-inpi-titular-mas-atribuciones\">Jornada<\/a> <\/p>\n","protected":false},"excerpt":{"rendered":"<p>En el Diario Oficial de la Federaci\u00f3n (DOF) fue publicado hoy el Acuerdo por el que se modifica el Estatuto Org\u00e1nico del Instituto Nacional de los Pueblos Ind\u00edgenas (INPI), que data de marzo de 2019. El Acuerdo entrar\u00e1 en vigor ma\u00f1ana. En el escrito se se\u00f1ala que el director general de la instituci\u00f3n, Adelfo Regino [&hellip;]<\/p>\n","protected":false},"author":35,"featured_media":185749,"comment_status":"open","ping_status":"open","sticky":false,"template":"","format":"standard","meta":{"_monsterinsights_skip_tracking":false,"_monsterinsights_sitenote_active":false,"_monsterinsights_sitenote_note":"","_monsterinsights_sitenote_category":0,"footnotes":""},"categories":[158],"tags":[6010,29923],"class_list":["post-185747","post","type-post","status-publish","format-standard","has-post-thumbnail","hentry","category-politica","tag-dof","tag-inpi","wp-image-borders"],"amp_enabled":true,"_links":{"self":[{"href":"https:\/\/nvnoticias.mx\/index.php\/wp-json\/wp\/v2\/posts\/185747","targetHints":{"allow":["GET"]}}],"collection":[{"href":"https:\/\/nvnoticias.mx\/index.php\/wp-json\/wp\/v2\/posts"}],"about":[{"href":"https:\/\/nvnoticias.mx\/index.php\/wp-json\/wp\/v2\/types\/post"}],"author":[{"embeddable":true,"href":"https:\/\/nvnoticias.mx\/index.php\/wp-json\/wp\/v2\/users\/35"}],"replies":[{"embeddable":true,"href":"https:\/\/nvnoticias.mx\/index.php\/wp-json\/wp\/v2\/comments?post=185747"}],"version-history":[{"count":3,"href":"https:\/\/nvnoticias.mx\/index.php\/wp-json\/wp\/v2\/posts\/185747\/revisions"}],"predecessor-version":[{"id":185751,"href":"https:\/\/nvnoticias.mx\/index.php\/wp-json\/wp\/v2\/posts\/185747\/revisions\/185751"}],"wp:featuredmedia":[{"embeddable":true,"href":"https:\/\/nvnoticias.mx\/index.php\/wp-json\/wp\/v2\/media\/185749"}],"wp:attachment":[{"href":"https:\/\/nvnoticias.mx\/index.php\/wp-json\/wp\/v2\/media?parent=185747"}],"wp:term":[{"taxonomy":"category","embeddable":true,"href":"https:\/\/nvnoticias.mx\/index.php\/wp-json\/wp\/v2\/categories?post=185747"},{"taxonomy":"post_tag","embeddable":true,"href":"https:\/\/nvnoticias.mx\/index.php\/wp-json\/wp\/v2\/tags?post=185747"}],"curies":[{"name":"wp","href":"https:\/\/api.w.org\/{rel}","templated":true}]}}