{"id":185707,"date":"2025-06-12T10:52:03","date_gmt":"2025-06-12T16:52:03","guid":{"rendered":"https:\/\/nvnoticias.mx\/?p=185707"},"modified":"2025-06-12T10:52:04","modified_gmt":"2025-06-12T16:52:04","slug":"dia-mundial-contra-el-trabajo-infantil","status":"publish","type":"post","link":"https:\/\/nvnoticias.mx\/index.php\/2025\/06\/12\/dia-mundial-contra-el-trabajo-infantil\/","title":{"rendered":"D\u00eda Mundial contra el Trabajo Infantil"},"content":{"rendered":"\n<p>Por <strong>Jerem\u00edas Z\u00fa\u00f1iga<\/strong><\/p>\n\n\n\n<p>Cada d\u00eda mueren m\u00e1s de 13,000 ni\u00f1os menores de cinco a\u00f1os en el mundo, casi la mitad por causas relacionadas con la desnutrici\u00f3n. Esto ocurre mientras la inteligencia artificial avanza, la tecnolog\u00eda transforma al mundo y se produce suficiente alimento para todos. Y aun as\u00ed, millones de ni\u00f1os mueren o trabajan en silencio.<\/p>\n\n\n\n<p>El 12 de junio no es solo una efem\u00e9ride. Es un llamado urgente a despertar.<\/p>\n\n\n\n<p>Hoy, 138 millones de ni\u00f1as y ni\u00f1os trabajan en el mundo, y 54 millones lo hacen en condiciones peligrosas. Adem\u00e1s, uno de cada diez menores de 18 a\u00f1os est\u00e1 fuera de la escuela, m\u00e1s de 250 millones de infancias excluidas del conocimiento, la protecci\u00f3n y la esperanza.<\/p>\n\n\n\n<p>En M\u00e9xico, 3.7 millones de menores trabajan, muchos sin acceso a alimentaci\u00f3n adecuada ni seguridad social.<br>La infancia no est\u00e1 fallando, la estamos fallando nosotros.<br>Y si el 13 de junio todo sigue igual, no ser\u00e1 solo un fracaso institucional\u2026 ser\u00e1 una traici\u00f3n moral de todos los que decidimos callar.<\/p>\n\n\n\n<p>Gracias por tomarse el tiempo de leer.<br>Que este d\u00eda nos inspire a actuar, a alzar la voz y a proteger lo m\u00e1s valioso: nuestros ni\u00f1os.<\/p>\n\n\n\n<p>Les env\u00edo un abrazo, saludos y muchas bendiciones.<\/p>\n","protected":false},"excerpt":{"rendered":"<p>Por Jerem\u00edas Z\u00fa\u00f1iga Cada d\u00eda mueren m\u00e1s de 13,000 ni\u00f1os menores de cinco a\u00f1os en el mundo, casi la mitad por causas relacionadas con la desnutrici\u00f3n. Esto ocurre mientras la inteligencia artificial avanza, la tecnolog\u00eda transforma al mundo y se produce suficiente alimento para todos. Y aun as\u00ed, millones de ni\u00f1os mueren o trabajan en [&hellip;]<\/p>\n","protected":false},"author":48,"featured_media":185712,"comment_status":"open","ping_status":"open","sticky":false,"template":"","format":"standard","meta":{"_monsterinsights_skip_tracking":false,"_monsterinsights_sitenote_active":false,"_monsterinsights_sitenote_note":"","_monsterinsights_sitenote_category":0,"footnotes":""},"categories":[30211],"tags":[31391],"class_list":["post-185707","post","type-post","status-publish","format-standard","has-post-thumbnail","hentry","category-para-ser-mejores","tag-jeremias-zuniga-mezano","wp-image-borders"],"amp_enabled":true,"_links":{"self":[{"href":"https:\/\/nvnoticias.mx\/index.php\/wp-json\/wp\/v2\/posts\/185707","targetHints":{"allow":["GET"]}}],"collection":[{"href":"https:\/\/nvnoticias.mx\/index.php\/wp-json\/wp\/v2\/posts"}],"about":[{"href":"https:\/\/nvnoticias.mx\/index.php\/wp-json\/wp\/v2\/types\/post"}],"author":[{"embeddable":true,"href":"https:\/\/nvnoticias.mx\/index.php\/wp-json\/wp\/v2\/users\/48"}],"replies":[{"embeddable":true,"href":"https:\/\/nvnoticias.mx\/index.php\/wp-json\/wp\/v2\/comments?post=185707"}],"version-history":[{"count":3,"href":"https:\/\/nvnoticias.mx\/index.php\/wp-json\/wp\/v2\/posts\/185707\/revisions"}],"predecessor-version":[{"id":185713,"href":"https:\/\/nvnoticias.mx\/index.php\/wp-json\/wp\/v2\/posts\/185707\/revisions\/185713"}],"wp:featuredmedia":[{"embeddable":true,"href":"https:\/\/nvnoticias.mx\/index.php\/wp-json\/wp\/v2\/media\/185712"}],"wp:attachment":[{"href":"https:\/\/nvnoticias.mx\/index.php\/wp-json\/wp\/v2\/media?parent=185707"}],"wp:term":[{"taxonomy":"category","embeddable":true,"href":"https:\/\/nvnoticias.mx\/index.php\/wp-json\/wp\/v2\/categories?post=185707"},{"taxonomy":"post_tag","embeddable":true,"href":"https:\/\/nvnoticias.mx\/index.php\/wp-json\/wp\/v2\/tags?post=185707"}],"curies":[{"name":"wp","href":"https:\/\/api.w.org\/{rel}","templated":true}]}}