{"id":185654,"date":"2025-06-11T19:28:51","date_gmt":"2025-06-12T01:28:51","guid":{"rendered":"https:\/\/nvnoticias.mx\/?p=185654"},"modified":"2025-06-11T19:28:52","modified_gmt":"2025-06-12T01:28:52","slug":"suprema-corte-ordena-liberar-a-juana-hilda-gonzalez-por-caso-wallace-estuvo-19-anos-presa","status":"publish","type":"post","link":"https:\/\/nvnoticias.mx\/index.php\/2025\/06\/11\/suprema-corte-ordena-liberar-a-juana-hilda-gonzalez-por-caso-wallace-estuvo-19-anos-presa\/","title":{"rendered":"Suprema Corte ordena liberar a Juana Hilda Gonz\u00e1lez por caso Wallace; estuvo 19 a\u00f1os presa"},"content":{"rendered":"\n<p><\/p>\n\n\n\n<p>Esta tarde de mi\u00e9rcoles, la Suprema Corte de Justicia de la Naci\u00f3n (SCJN) orden\u00f3 la liberaci\u00f3n de Juana Hilda Gonz\u00e1lez Lomel\u00ed.<\/p>\n\n\n\n<p>Cabe recordar que la mujer, hab\u00eda sido sentenciada a 78 a\u00f1os de c\u00e1rcel por el secuestro del empresario Hugo Alberto Wallace.<\/p>\n\n\n\n<p>es que el proyecto de Alfredo Guti\u00e9rrez Mena, quien es Ministro de la Corte, busca que Juana Hilda salga de prisi\u00f3n de forma inmediata.<\/p>\n\n\n\n<p>Fueron cuatro los votos a favor y uno en contra, para que la mujer que llevaba 19 a\u00f1os en la c\u00e1rcel, abandone el Centro Federal de Reinserci\u00f3n Social N\u00famero 16.<\/p>\n","protected":false},"excerpt":{"rendered":"<p>Esta tarde de mi\u00e9rcoles, la Suprema Corte de Justicia de la Naci\u00f3n (SCJN) orden\u00f3 la liberaci\u00f3n de Juana Hilda Gonz\u00e1lez Lomel\u00ed. Cabe recordar que la mujer, hab\u00eda sido sentenciada a 78 a\u00f1os de c\u00e1rcel por el secuestro del empresario Hugo Alberto Wallace. es que el proyecto de Alfredo Guti\u00e9rrez Mena, quien es Ministro de la [&hellip;]<\/p>\n","protected":false},"author":8,"featured_media":53418,"comment_status":"open","ping_status":"open","sticky":false,"template":"","format":"standard","meta":{"_monsterinsights_skip_tracking":false,"_monsterinsights_sitenote_active":false,"_monsterinsights_sitenote_note":"","_monsterinsights_sitenote_category":0,"footnotes":""},"categories":[157],"tags":[32022,32021,162,5460],"class_list":["post-185654","post","type-post","status-publish","format-standard","has-post-thumbnail","hentry","category-nacional","tag-caso-wallace","tag-juana-hilda-gonzalez","tag-portada","tag-suprema-corte","wp-image-borders"],"amp_enabled":true,"_links":{"self":[{"href":"https:\/\/nvnoticias.mx\/index.php\/wp-json\/wp\/v2\/posts\/185654","targetHints":{"allow":["GET"]}}],"collection":[{"href":"https:\/\/nvnoticias.mx\/index.php\/wp-json\/wp\/v2\/posts"}],"about":[{"href":"https:\/\/nvnoticias.mx\/index.php\/wp-json\/wp\/v2\/types\/post"}],"author":[{"embeddable":true,"href":"https:\/\/nvnoticias.mx\/index.php\/wp-json\/wp\/v2\/users\/8"}],"replies":[{"embeddable":true,"href":"https:\/\/nvnoticias.mx\/index.php\/wp-json\/wp\/v2\/comments?post=185654"}],"version-history":[{"count":1,"href":"https:\/\/nvnoticias.mx\/index.php\/wp-json\/wp\/v2\/posts\/185654\/revisions"}],"predecessor-version":[{"id":185655,"href":"https:\/\/nvnoticias.mx\/index.php\/wp-json\/wp\/v2\/posts\/185654\/revisions\/185655"}],"wp:featuredmedia":[{"embeddable":true,"href":"https:\/\/nvnoticias.mx\/index.php\/wp-json\/wp\/v2\/media\/53418"}],"wp:attachment":[{"href":"https:\/\/nvnoticias.mx\/index.php\/wp-json\/wp\/v2\/media?parent=185654"}],"wp:term":[{"taxonomy":"category","embeddable":true,"href":"https:\/\/nvnoticias.mx\/index.php\/wp-json\/wp\/v2\/categories?post=185654"},{"taxonomy":"post_tag","embeddable":true,"href":"https:\/\/nvnoticias.mx\/index.php\/wp-json\/wp\/v2\/tags?post=185654"}],"curies":[{"name":"wp","href":"https:\/\/api.w.org\/{rel}","templated":true}]}}