{"id":185649,"date":"2025-06-11T19:05:24","date_gmt":"2025-06-12T01:05:24","guid":{"rendered":"https:\/\/nvnoticias.mx\/?p=185649"},"modified":"2025-06-11T19:05:25","modified_gmt":"2025-06-12T01:05:25","slug":"oceanos-no-deben-convertirse-en-el-lejano-oeste-de-la-explotacion-onu","status":"publish","type":"post","link":"https:\/\/nvnoticias.mx\/index.php\/2025\/06\/11\/oceanos-no-deben-convertirse-en-el-lejano-oeste-de-la-explotacion-onu\/","title":{"rendered":"Oc\u00e9anos no deben convertirse en el &#8220;lejano Oeste&#8221; de la explotaci\u00f3n: ONU"},"content":{"rendered":"\n<p><\/p>\n\n\n\n<p>Niza.- La Conferencia de la Organizaci\u00f3n de Naciones Unidas (ONU) sobre los Oc\u00e9anos arranc\u00f3 este lunes en Francia con el llamado del secretario general Ant\u00f3nio Guterres a evitar que los fondos marinos se conviertan en el &#8220;Far West&#8221; (lejano Oeste) y con cr\u00edticas a la pol\u00edtica unilateral de Estados Unidos.<\/p>\n\n\n\n<p>Esta tercera Conferencia de las Naciones Unidas sobre los Oc\u00e9anos (UNOC) que se celebra en Niza, en la Costa Azul francesa, cuenta con la presencia de cerca de 60 jefes de Estado y de gobierno que deber\u00e1n debatir temas como la miner\u00eda en aguas profundas, la basura pl\u00e1stica o la sobrepesca.<\/p>\n\n\n\n<p>Entre los asistentes a esta reuni\u00f3n, copatrocinada por Francia y Costa Rica, est\u00e1 el presidente brasile\u00f1o, Luiz In\u00e1cio Lula da Silva.<\/p>\n\n\n\n<p>Guterres defendi\u00f3 en el inicio de la conferencia que &#8220;las profundidades marinas no pueden convertirse en el Far West&#8221;(el lejano oeste), despu\u00e9s de que el presidente de Estados Unidos, Donald Trump, abriera la puerta a la miner\u00eda en aguas profundas.<\/p>\n\n\n\n<p>Guterres expres\u00f3 su esperanza de lograr pasar de &#8220;la explotaci\u00f3n a corto plazo, a la gesti\u00f3n a largo plazo&#8221;.<\/p>\n\n\n\n<p>El anuncio hecho por Trump a finales de abril de que acelerar\u00e1 la revisi\u00f3n de solicitudes para la exploraci\u00f3n y extracci\u00f3n minera m\u00e1s all\u00e1 de la jurisdicci\u00f3n estadounidense a\u00f1adi\u00f3 urgencia en el debate internacional sobre la explotaci\u00f3n del lecho marino.<\/p>\n\n\n\n<p>La Autoridad Internacional de los Fondos Marinos (ISA) que tiene jurisdicci\u00f3n sobre el lecho marino en aguas internacionales se reunir\u00e1 en julio para debatir la regulaci\u00f3n de la miner\u00eda en aguas profundas.<\/p>\n\n\n\n<p>Guterres ha expresado su apoyo a estas negociaciones y muchos pa\u00edses se oponen a la miner\u00eda de aguas profundas, una oportunidad que Francia espera aprovechar para sumar voces para una moratoria sobre esta pr\u00e1ctica hasta tener m\u00e1s informaci\u00f3n sobre su impacto ambiental.<\/p>\n\n\n\n<p>Fuente: La Jornada<\/p>\n\n\n\n<p><\/p>\n","protected":false},"excerpt":{"rendered":"<p>Niza.- La Conferencia de la Organizaci\u00f3n de Naciones Unidas (ONU) sobre los Oc\u00e9anos arranc\u00f3 este lunes en Francia con el llamado del secretario general Ant\u00f3nio Guterres a evitar que los fondos marinos se conviertan en el &#8220;Far West&#8221; (lejano Oeste) y con cr\u00edticas a la pol\u00edtica unilateral de Estados Unidos. Esta tercera Conferencia de las [&hellip;]<\/p>\n","protected":false},"author":8,"featured_media":185650,"comment_status":"open","ping_status":"open","sticky":false,"template":"","format":"standard","meta":{"_monsterinsights_skip_tracking":false,"_monsterinsights_sitenote_active":false,"_monsterinsights_sitenote_note":"","_monsterinsights_sitenote_category":0,"footnotes":""},"categories":[181],"tags":[13332,23656,513],"class_list":["post-185649","post","type-post","status-publish","format-standard","has-post-thumbnail","hentry","category-internacional","tag-explotacion","tag-oceanos","tag-onu","wp-image-borders"],"amp_enabled":true,"_links":{"self":[{"href":"https:\/\/nvnoticias.mx\/index.php\/wp-json\/wp\/v2\/posts\/185649","targetHints":{"allow":["GET"]}}],"collection":[{"href":"https:\/\/nvnoticias.mx\/index.php\/wp-json\/wp\/v2\/posts"}],"about":[{"href":"https:\/\/nvnoticias.mx\/index.php\/wp-json\/wp\/v2\/types\/post"}],"author":[{"embeddable":true,"href":"https:\/\/nvnoticias.mx\/index.php\/wp-json\/wp\/v2\/users\/8"}],"replies":[{"embeddable":true,"href":"https:\/\/nvnoticias.mx\/index.php\/wp-json\/wp\/v2\/comments?post=185649"}],"version-history":[{"count":1,"href":"https:\/\/nvnoticias.mx\/index.php\/wp-json\/wp\/v2\/posts\/185649\/revisions"}],"predecessor-version":[{"id":185651,"href":"https:\/\/nvnoticias.mx\/index.php\/wp-json\/wp\/v2\/posts\/185649\/revisions\/185651"}],"wp:featuredmedia":[{"embeddable":true,"href":"https:\/\/nvnoticias.mx\/index.php\/wp-json\/wp\/v2\/media\/185650"}],"wp:attachment":[{"href":"https:\/\/nvnoticias.mx\/index.php\/wp-json\/wp\/v2\/media?parent=185649"}],"wp:term":[{"taxonomy":"category","embeddable":true,"href":"https:\/\/nvnoticias.mx\/index.php\/wp-json\/wp\/v2\/categories?post=185649"},{"taxonomy":"post_tag","embeddable":true,"href":"https:\/\/nvnoticias.mx\/index.php\/wp-json\/wp\/v2\/tags?post=185649"}],"curies":[{"name":"wp","href":"https:\/\/api.w.org\/{rel}","templated":true}]}}