{"id":185540,"date":"2025-06-11T10:41:27","date_gmt":"2025-06-11T16:41:27","guid":{"rendered":"https:\/\/nvnoticias.mx\/?p=185540"},"modified":"2025-06-11T10:41:29","modified_gmt":"2025-06-11T16:41:29","slug":"se-debe-sancionar-a-agentes-que-cruzaron-a-guatemala-sheinbaum","status":"publish","type":"post","link":"https:\/\/nvnoticias.mx\/index.php\/2025\/06\/11\/se-debe-sancionar-a-agentes-que-cruzaron-a-guatemala-sheinbaum\/","title":{"rendered":"Se debe sancionar a agentes que cruzaron a Guatemala: Sheinbaum"},"content":{"rendered":"\n<p>La presidenta Claudia Sheinbaum critic\u00f3 la incursi\u00f3n de elementos de la corporaci\u00f3n Pakal de la polic\u00eda de Chiapas en territorio de Guatemala, al asegurar que no debe ocurrir que fuerzas mexicanas, polic\u00edas en este caso, de Chiapas, entren a Guatemala. No se puede violentar la soberan\u00eda de un pa\u00eds. En eso no estamos de acuerdo y esos polic\u00edas deben ser sancionados.<\/p>\n\n\n\n<p>&#8216;Por otro lado, tras dar a conocer que fueron detenidos 12 ciudadanos colombianos \u2013nueve de ellos ex militares\u2013 en Michoac\u00e1n, vinculados al estallamiento de una mina que provoc\u00f3 varias bajas en el Ej\u00e9rcito, el secretario de Seguridad P\u00fablica y Protecci\u00f3n Ciudadana federal, Omar Garc\u00eda Harfuch asever\u00f3 que hay un patr\u00f3n de reclutamiento de grupos criminales mexicanos, como el c\u00e1rtel Jalisco\u00a0<em>Nueva Generaci\u00f3n<\/em>\u00a0pero tambi\u00e9n del c\u00e1rtel de Sinaloa para traer gente de Colombia.<\/p>\n\n\n\n<p>En su conferencia, Sheinbaum coment\u00f3 que el titular de Relaciones Exteriores, Juan Ram\u00f3n de la Fuente entr\u00f3 en contacto con el gobierno guatemalteco a fin de intensificar los mecanismos de cooperaci\u00f3n entre las corporaciones policiacas de ambos pa\u00edses, para que tengan mayor coordinaci\u00f3n para garantizar la seguridad en la frontera sur.<\/p>\n\n\n\n<p>ILa mandataria dijo que m\u00e1s all\u00e1 de las escenas que se vieron en algunos videos, cada corporaci\u00f3n debe trabajar en su propio territorio y establecer las formas de coordinaci\u00f3n. Si hay alguna denuncia en particular, que se vean a este nivel de coordinaci\u00f3n de seguridad entre los dos pa\u00edses, agreg\u00f3.<\/p>\n\n\n\n<p>Y al ahondar en el caso de los detenidos, Garc\u00eda Harfuch asever\u00f3 que hay comunicaci\u00f3n y coordinaci\u00f3n con las autoridades de Colombia para impedir que contin\u00fae el reclutamiento de las bandas del crimen organizado. Apunt\u00f3 que han devuelto a su pa\u00eds a 69 colombianos que pretend\u00edan ingresar a M\u00e9xico, sin acreditar las razones de su estancia en el pa\u00eds.<\/p>\n\n\n\n<p>Fuente: La <a href=\"https:\/\/www.jornada.com.mx\/noticia\/2025\/06\/11\/estados\/sheinbaum-se-debe-sancionar-a-agentes-que-cruzaron-a-guatemala\">Jornada<\/a> <\/p>\n","protected":false},"excerpt":{"rendered":"<p>La presidenta Claudia Sheinbaum critic\u00f3 la incursi\u00f3n de elementos de la corporaci\u00f3n Pakal de la polic\u00eda de Chiapas en territorio de Guatemala, al asegurar que no debe ocurrir que fuerzas mexicanas, polic\u00edas en este caso, de Chiapas, entren a Guatemala. No se puede violentar la soberan\u00eda de un pa\u00eds. En eso no estamos de acuerdo [&hellip;]<\/p>\n","protected":false},"author":35,"featured_media":185542,"comment_status":"open","ping_status":"open","sticky":false,"template":"","format":"standard","meta":{"_monsterinsights_skip_tracking":false,"_monsterinsights_sitenote_active":false,"_monsterinsights_sitenote_note":"","_monsterinsights_sitenote_category":0,"footnotes":""},"categories":[158],"tags":[2801,686],"class_list":["post-185540","post","type-post","status-publish","format-standard","has-post-thumbnail","hentry","category-politica","tag-claudia-sheinbaum","tag-guatemala","wp-image-borders"],"amp_enabled":true,"_links":{"self":[{"href":"https:\/\/nvnoticias.mx\/index.php\/wp-json\/wp\/v2\/posts\/185540","targetHints":{"allow":["GET"]}}],"collection":[{"href":"https:\/\/nvnoticias.mx\/index.php\/wp-json\/wp\/v2\/posts"}],"about":[{"href":"https:\/\/nvnoticias.mx\/index.php\/wp-json\/wp\/v2\/types\/post"}],"author":[{"embeddable":true,"href":"https:\/\/nvnoticias.mx\/index.php\/wp-json\/wp\/v2\/users\/35"}],"replies":[{"embeddable":true,"href":"https:\/\/nvnoticias.mx\/index.php\/wp-json\/wp\/v2\/comments?post=185540"}],"version-history":[{"count":3,"href":"https:\/\/nvnoticias.mx\/index.php\/wp-json\/wp\/v2\/posts\/185540\/revisions"}],"predecessor-version":[{"id":185544,"href":"https:\/\/nvnoticias.mx\/index.php\/wp-json\/wp\/v2\/posts\/185540\/revisions\/185544"}],"wp:featuredmedia":[{"embeddable":true,"href":"https:\/\/nvnoticias.mx\/index.php\/wp-json\/wp\/v2\/media\/185542"}],"wp:attachment":[{"href":"https:\/\/nvnoticias.mx\/index.php\/wp-json\/wp\/v2\/media?parent=185540"}],"wp:term":[{"taxonomy":"category","embeddable":true,"href":"https:\/\/nvnoticias.mx\/index.php\/wp-json\/wp\/v2\/categories?post=185540"},{"taxonomy":"post_tag","embeddable":true,"href":"https:\/\/nvnoticias.mx\/index.php\/wp-json\/wp\/v2\/tags?post=185540"}],"curies":[{"name":"wp","href":"https:\/\/api.w.org\/{rel}","templated":true}]}}