{"id":18513,"date":"2021-07-13T12:40:16","date_gmt":"2021-07-13T17:40:16","guid":{"rendered":"https:\/\/nvnoticias.mx\/?p=18513"},"modified":"2021-07-13T12:40:17","modified_gmt":"2021-07-13T17:40:17","slug":"el-instituto-veracruzano-de-las-mujeres-es-de-todas","status":"publish","type":"post","link":"https:\/\/nvnoticias.mx\/index.php\/2021\/07\/13\/el-instituto-veracruzano-de-las-mujeres-es-de-todas\/","title":{"rendered":"El Instituto Veracruzano de las Mujeres es de todas"},"content":{"rendered":"\n<p><strong>Por: M\u00f3nica Mendoza Madrigal\u00a0<br><\/strong><\/p>\n\n\n\n<p>Sabedora de\u00a0que\u00a0#LaAgendaDeLasMujeres se lee m\u00e1s all\u00e1 de las fronteras estatales y nacionales, hoy situar\u00e9 mi an\u00e1lisis en el plano local, cierta de que es una realidad por la que atraviesan las instancias de las mujeres en otras geograf\u00edas.\u00a0<\/p>\n\n\n\n<p>En 1995 se celebr\u00f3 en Beijing, China la Cuarta Cumbre Mundial de las Mujeres, de la que emana la Plataforma de Acci\u00f3n a trav\u00e9s de la cual la ONU convoc\u00f3 a las naciones a implementar pol\u00edticas p\u00fablicas para transversalizar la perspectiva de g\u00e9nero al interior de cada pa\u00eds, requiriendo que formalizaran su voluntad mediante la creaci\u00f3n de mecanismos para el adelanto de las mujeres dentro de la administraci\u00f3n p\u00fablica en los niveles federal, estatal y municipal.&nbsp;<\/p>\n\n\n\n<p>En Veracruz, para entonces ya se hab\u00edan dado los primeros pasos, de los que es digno mencionar el trabajo realizado por la Dra. Mireya Toto Guti\u00e9rrez, quien desde el gobierno estatal -entonces encabezado por Dante Delgado&nbsp;Rannauro- le dio forma a la primera oficina de atenci\u00f3n a las mujeres; o bien, el extraordinario trabajo realizado por la Mtra. Libertad Hern\u00e1ndez Landa, a quien el entonces gobernador Patricio Chirinos Calero le confiri\u00f3 la responsabilidad de sentar las bases de un programa participativo que deriv\u00f3 en el Programa Comunitario de las Mujeres, del que se retomaron algunos aspectos para conformar el Programa Estatal de las Mujeres, que comenz\u00f3 funciones a partir del sexenio de Miguel Alem\u00e1n Velasco y que estaba adscrito a la Secretar\u00eda de Gobierno, donde estuvo encabezado por Maricela Cienfuegos, Carolina Gudi\u00f1o y Sandra Soto. De todo ese proceso doy cuenta en mi tesis de maestr\u00eda, presentada en 2005.&nbsp;<\/p>\n\n\n\n<p>Con lo mandatado por la ONU y ante las m\u00faltiples violencias que ya evidenciaban la desigualdad estructural hacia las mujeres, en 2007 la LX Legislatura del Congreso del Estado impuls\u00f3 el Acuerdo para la Gobernabilidad y el Desarrollo en el que se propon\u00eda \u2013entre otros puntos-&nbsp; la creaci\u00f3n de \u00f3rganos aut\u00f3nomos como el Instituto Veracruzano de las Mujeres, para lo que se convoc\u00f3 a la sociedad civil a que particip\u00e1ramos en los foros en donde muchas presentamos iniciativas que se integraron a la propuesta final que da origen al Instituto. Por lo que es justo afirmar que el IVM se cre\u00f3 por nosotras y para nosotras.&nbsp;<\/p>\n\n\n\n<p>Aquel esfuerzo legislativo (que estuvo coordinado por Mireya Toto, para entonces diputada local) deriva en la aprobaci\u00f3n de la Ley 613 por la que se crea el Instituto Veracruzano de las Mujeres, instancia encargada del dise\u00f1o y aplicaci\u00f3n de las pol\u00edticas p\u00fablicas para transversalizar la perspectiva de g\u00e9nero en la entidad veracruzana y que est\u00e1 conformado por los consejos Consultivo y Social, destinados a garantizar la ciudadanizaci\u00f3n de las acciones que desde esta instancia se realicen para a su vez, asegurar que abonan a la mejora de la calidad de vida de las mujeres en la entidad.&nbsp;<\/p>\n\n\n\n<p>Al publicarse la Ley, la Secretar\u00eda de Gobierno emiti\u00f3 la convocatoria respectiva para conformar ambos consejos: el Social, integrado por representantes de organizaciones y sindicatos, y el Consultivo, por mujeres con trayectoria acad\u00e9mica, quienes emitieron la convocatoria para elegir a la primera directora del IVM, para lo que las postuladas deb\u00edan tener probada experiencia y conocimientos en g\u00e9nero, presentar la documentaci\u00f3n que lo avalara y luego ser evaluadas, con lo que se defini\u00f3 la terna que se envi\u00f3 al Ejecutivo estatal, quien decidi\u00f3 que la primera mujer en dirigir el Instituto fuera la que hab\u00eda obtenido el mayor puntaje en la evaluaci\u00f3n.&nbsp;<\/p>\n\n\n\n<p>As\u00ed asumi\u00f3 el cargo la Mtra. Martha Mendoza&nbsp;Parissi, quien sent\u00f3 las bases de un trabajo sin precedentes hasta la fecha y al que nos convoc\u00f3 a sumarnos a un concierto plural de activistas y acad\u00e9micas que enriquecieron su gesti\u00f3n. Ella decidi\u00f3 no postularse para ser reelecta \u2013aunque la ley la facultaba\u2013 por lo que en 2010 los consejos Consultivo y Social emitieron la Convocatoria respectiva para que las interesadas en postularse presentaran la documentaci\u00f3n debida, proceso que deriv\u00f3 en una terna de la que me honro haber formado parte y de la que fue elegida la Dra. Edda&nbsp;Arrez&nbsp;Rebolledo, quien asumi\u00f3 la direcci\u00f3n por dos per\u00edodos consecutivos, trabajando en dise\u00f1o y aplicaci\u00f3n de pol\u00edticas p\u00fablicas ya con un presupuesto que desde entonces empezaba a mermarse.&nbsp;<\/p>\n\n\n\n<p>Al inicio del bienio estatal, se cambi\u00f3 a los dos consejos porque hab\u00edan cumplido el per\u00edodo para el cual fueron electos; pero los nuevos fueron integrados sin la pluralidad debida, permitiendo el ingreso de algunas representantes de grupos&nbsp;antiderechos&nbsp;y otras personas con afinidad partidista y pol\u00edtica con quien entonces gobernaba. Esos son los consejos que hasta el d\u00eda de hoy existen, mismos que ya no est\u00e1n completos y de los que es necesario revisar su vigencia.&nbsp;<\/p>\n\n\n\n<p>Durante los meses que tard\u00f3 el proceso de conformaci\u00f3n de esos consejos, al frente del IVM estuvo en calidad de encargada de despacho la Lic. Sara Gabriela Palacios Hern\u00e1ndez, quien fue relevada cuando se concret\u00f3 el nombramiento de la tercera&nbsp;Directora&nbsp;del Instituto, que recay\u00f3 en la Mtra. Yolanda Olivares P\u00e9rez, quien renunci\u00f3 al inicio del presente gobierno. Desde entonces y durante los casi 3 a\u00f1os que van de la actual&nbsp;administraci\u00f3n,&nbsp; el&nbsp;Instituto tiene como titular a la Mtra. Roc\u00edo Villafuerte Mart\u00ednez, quien ha asumido la tarea en calidad de encargada de despacho.&nbsp;<\/p>\n\n\n\n<p>El complejo escenario actual en el que vivimos las mujeres donde existe una dolorosa y abrumadora escalada de violencias que se ahondan con cada vez m\u00e1s severas desigualdades y brechas, requiere de instituciones fortalecidas financiera, normativa y operativamente.&nbsp;<\/p>\n\n\n\n<p>A casi 15 a\u00f1os de haber sido creado, es muy importante se\u00f1alar que los aspectos procedimentales contenidos en la Ley 613 que definen el mecanismo para renovar la direcci\u00f3n del Instituto Veracruzano de las Mujeres, proponen y defienden la existencia de los dos consejos para garantizar la participaci\u00f3n de las organizaciones civiles y de expertas acad\u00e9micas para ciudadanizar el actuar y legitimar el proceder de una instancia que debe estar encabezada por una mujer cuya selecci\u00f3n \u2013que no imposici\u00f3n\u2013 otorgue certidumbre de que el suyo es el perfil id\u00f3neo para asumir la titularidad de una instancia que, como se ha dicho, nos honra y seguiremos defendiendo. Porque el IVM es nuestro, es de todas.&nbsp;<\/p>\n\n\n\n<p class=\"has-text-align-right\"><strong>@MonicaMendozaM\u00a0<\/strong><\/p>\n","protected":false},"excerpt":{"rendered":"<p>Por: M\u00f3nica Mendoza Madrigal\u00a0 Sabedora de\u00a0que\u00a0#LaAgendaDeLasMujeres se lee m\u00e1s all\u00e1 de las fronteras estatales y nacionales, hoy situar\u00e9 mi an\u00e1lisis en el plano local, cierta de que es una realidad por la que atraviesan las instancias de las mujeres en otras geograf\u00edas.\u00a0 En 1995 se celebr\u00f3 en Beijing, China la Cuarta Cumbre Mundial de las [&hellip;]<\/p>\n","protected":false},"author":34,"featured_media":18514,"comment_status":"open","ping_status":"open","sticky":false,"template":"","format":"standard","meta":{"_monsterinsights_skip_tracking":false,"_monsterinsights_sitenote_active":false,"_monsterinsights_sitenote_note":"","_monsterinsights_sitenote_category":0,"footnotes":""},"categories":[1031],"tags":[1033],"class_list":["post-18513","post","type-post","status-publish","format-standard","has-post-thumbnail","hentry","category-laagendadelasmujeres","tag-monica-mendoza-madrigal","wp-image-borders"],"amp_enabled":true,"_links":{"self":[{"href":"https:\/\/nvnoticias.mx\/index.php\/wp-json\/wp\/v2\/posts\/18513","targetHints":{"allow":["GET"]}}],"collection":[{"href":"https:\/\/nvnoticias.mx\/index.php\/wp-json\/wp\/v2\/posts"}],"about":[{"href":"https:\/\/nvnoticias.mx\/index.php\/wp-json\/wp\/v2\/types\/post"}],"author":[{"embeddable":true,"href":"https:\/\/nvnoticias.mx\/index.php\/wp-json\/wp\/v2\/users\/34"}],"replies":[{"embeddable":true,"href":"https:\/\/nvnoticias.mx\/index.php\/wp-json\/wp\/v2\/comments?post=18513"}],"version-history":[{"count":1,"href":"https:\/\/nvnoticias.mx\/index.php\/wp-json\/wp\/v2\/posts\/18513\/revisions"}],"predecessor-version":[{"id":18515,"href":"https:\/\/nvnoticias.mx\/index.php\/wp-json\/wp\/v2\/posts\/18513\/revisions\/18515"}],"wp:featuredmedia":[{"embeddable":true,"href":"https:\/\/nvnoticias.mx\/index.php\/wp-json\/wp\/v2\/media\/18514"}],"wp:attachment":[{"href":"https:\/\/nvnoticias.mx\/index.php\/wp-json\/wp\/v2\/media?parent=18513"}],"wp:term":[{"taxonomy":"category","embeddable":true,"href":"https:\/\/nvnoticias.mx\/index.php\/wp-json\/wp\/v2\/categories?post=18513"},{"taxonomy":"post_tag","embeddable":true,"href":"https:\/\/nvnoticias.mx\/index.php\/wp-json\/wp\/v2\/tags?post=18513"}],"curies":[{"name":"wp","href":"https:\/\/api.w.org\/{rel}","templated":true}]}}