{"id":184937,"date":"2025-06-05T13:34:39","date_gmt":"2025-06-05T19:34:39","guid":{"rendered":"https:\/\/nvnoticias.mx\/?p=184937"},"modified":"2025-06-05T13:34:41","modified_gmt":"2025-06-05T19:34:41","slug":"empresarios-ven-recesion-economica","status":"publish","type":"post","link":"https:\/\/nvnoticias.mx\/index.php\/2025\/06\/05\/empresarios-ven-recesion-economica\/","title":{"rendered":"Empresarios ven recesi\u00f3n econ\u00f3mica"},"content":{"rendered":"\n<p><\/p>\n\n\n\n<p><strong>Sam Ojeda \/ NV Noticias<\/strong><\/p>\n\n\n\n<p>Xalapa.- El presidente de la Confederaci\u00f3n Patronal de la Rep\u00fablica Mexicana (Coparmex) Xalapa, Arturo Blanco Hern\u00e1ndez, asegur\u00f3 que ante el ambiente econ\u00f3mico que se registra los empresarios tienen que hacer \u201cmalabares\u201d para poder sostener a sus plantillas.&nbsp;<\/p>\n\n\n\n<p>En entrevista, se\u00f1al\u00f3 que se vive un situaci\u00f3n econ\u00f3mica muy compleja que evidencia la presencia de una&nbsp; recesi\u00f3n econ\u00f3mica muy fuerte, ya que el crecimiento econ\u00f3mico es casi nulo.<\/p>\n\n\n\n<p>\u201cNo se ha anunciado, pero puede ser que estemos en un tema de recesi\u00f3n econ\u00f3mica, el crecimiento para el 2025 es del 0.1 por ciento, pr\u00e1cticamente nulo, entonces, bueno, sin duda todos lo sentimos, no solo en Xalapa, en todo el pa\u00eds\u201d, se\u00f1al\u00f3.<\/p>\n\n\n\n<p><br>A ello se suma que se registra un nivel de ventas menor entre las empresas y con ello hay menores de ingresos que repercute incluso en las plantillas laborales.&nbsp;<\/p>\n\n\n\n<p>\u201cObviamente hay un nivel de ingreso menor, de ventas, las ventas, al ser menores, se repercuten en ingresos menores, los empresarios tienen que hacer malabares para poder sostener sus plantillas laborales, su producci\u00f3n, su crecimiento de servicios, se refleja eso en una baja y una disminuci\u00f3n en las ventas\u201d, agreg\u00f3.<\/p>\n\n\n\n<p>Blanco Hern\u00e1ndez coment\u00f3 que algunos cuentan con una reserva para sortear pero en la mayor\u00eda de los casos esto no ocurre.&nbsp;<\/p>\n\n\n\n<p>\u201cNo hay ning\u00fan hilo negro que descubrir sigue siendo el mismo, obviamente la econom\u00eda se contrae, hay muchas, el problema es eso, o sea, vendes menos, y en ese sentido, pues al bajar tus ingresos, tienes que readaptarte para ver c\u00f3mo mantienes tus empleos para que no haya una perdida de empleos\u201d.&nbsp;<\/p>\n","protected":false},"excerpt":{"rendered":"<p>Sam Ojeda \/ NV Noticias Xalapa.- El presidente de la Confederaci\u00f3n Patronal de la Rep\u00fablica Mexicana (Coparmex) Xalapa, Arturo Blanco Hern\u00e1ndez, asegur\u00f3 que ante el ambiente econ\u00f3mico que se registra los empresarios tienen que hacer \u201cmalabares\u201d para poder sostener a sus plantillas.&nbsp; En entrevista, se\u00f1al\u00f3 que se vive un situaci\u00f3n econ\u00f3mica muy compleja que evidencia [&hellip;]<\/p>\n","protected":false},"author":8,"featured_media":91718,"comment_status":"open","ping_status":"open","sticky":false,"template":"","format":"standard","meta":{"_monsterinsights_skip_tracking":false,"_monsterinsights_sitenote_active":false,"_monsterinsights_sitenote_note":"","_monsterinsights_sitenote_category":0,"footnotes":""},"categories":[156],"tags":[301,31993],"class_list":["post-184937","post","type-post","status-publish","format-standard","has-post-thumbnail","hentry","category-estado","tag-empresarios","tag-recesion-economica","wp-image-borders"],"amp_enabled":true,"_links":{"self":[{"href":"https:\/\/nvnoticias.mx\/index.php\/wp-json\/wp\/v2\/posts\/184937","targetHints":{"allow":["GET"]}}],"collection":[{"href":"https:\/\/nvnoticias.mx\/index.php\/wp-json\/wp\/v2\/posts"}],"about":[{"href":"https:\/\/nvnoticias.mx\/index.php\/wp-json\/wp\/v2\/types\/post"}],"author":[{"embeddable":true,"href":"https:\/\/nvnoticias.mx\/index.php\/wp-json\/wp\/v2\/users\/8"}],"replies":[{"embeddable":true,"href":"https:\/\/nvnoticias.mx\/index.php\/wp-json\/wp\/v2\/comments?post=184937"}],"version-history":[{"count":1,"href":"https:\/\/nvnoticias.mx\/index.php\/wp-json\/wp\/v2\/posts\/184937\/revisions"}],"predecessor-version":[{"id":184938,"href":"https:\/\/nvnoticias.mx\/index.php\/wp-json\/wp\/v2\/posts\/184937\/revisions\/184938"}],"wp:featuredmedia":[{"embeddable":true,"href":"https:\/\/nvnoticias.mx\/index.php\/wp-json\/wp\/v2\/media\/91718"}],"wp:attachment":[{"href":"https:\/\/nvnoticias.mx\/index.php\/wp-json\/wp\/v2\/media?parent=184937"}],"wp:term":[{"taxonomy":"category","embeddable":true,"href":"https:\/\/nvnoticias.mx\/index.php\/wp-json\/wp\/v2\/categories?post=184937"},{"taxonomy":"post_tag","embeddable":true,"href":"https:\/\/nvnoticias.mx\/index.php\/wp-json\/wp\/v2\/tags?post=184937"}],"curies":[{"name":"wp","href":"https:\/\/api.w.org\/{rel}","templated":true}]}}