{"id":184890,"date":"2025-06-05T11:59:23","date_gmt":"2025-06-05T17:59:23","guid":{"rendered":"https:\/\/nvnoticias.mx\/?p=184890"},"modified":"2025-06-05T11:59:25","modified_gmt":"2025-06-05T17:59:25","slug":"luego-de-reunion-de-ebrard-con-secretarios-de-eu-habra-planteamientos-sobre-el-acero-sheinbaum","status":"publish","type":"post","link":"https:\/\/nvnoticias.mx\/index.php\/2025\/06\/05\/luego-de-reunion-de-ebrard-con-secretarios-de-eu-habra-planteamientos-sobre-el-acero-sheinbaum\/","title":{"rendered":"Luego de reuni\u00f3n de Ebrard con secretarios de EU habr\u00e1 planteamientos sobre el acero: Sheinbaum"},"content":{"rendered":"\n<p>Tras la reuni\u00f3n que ayer tuvo con empresarios del acero y el aluminio, la presidenta Claudia Sheinbaum Pardo pidi\u00f3 esperar los resultados de la reuni\u00f3n que este vienes sostendr\u00e1 el titular de Econom\u00eda, Marcelo Ebrard, con distintos secretarios de Estados Unidos en busca de un acuerdo sobre los aranceles a la exportaci\u00f3n de esos metales, ante el aumento de 25 a 50 por ciento.&nbsp;<\/p>\n\n\n\n<p>Se\u00f1al\u00f3 que con&nbsp; los empresarios trabajan \u201cen distintas \u00e1reas con el objetivo de garantizar los empleos en la industria del acero y el aluminio, y tambi\u00e9n le plantearon \u201cproteger a nuestra econom\u00eda tambi\u00e9n de aceros que est\u00e1n llegado de otros lados\u201d.&nbsp;<\/p>\n\n\n\n<p>La mandataria precis\u00f3 que el subsecretario para Asuntos del Hemisferio Occidental de Estados Unidos, Christopher Landau, estar\u00e1 en M\u00e9xico el 11 de este mes, \u201cy es uno de los temas que vamos a hablar con \u00e9l, entonces vamos a esperar antes de hacer los planteamientos\u201d.&nbsp;&nbsp;<\/p>\n\n\n\n<p>Lo anterior, al recordar que Ebrard \u201cplante\u00f3 aqu\u00ed (en la ma\u00f1anera) que se revisaron los molinos (de acero) de distintos pa\u00edses asi\u00e1ticos y se cerr\u00f3 la posibilidad de que los importaran, porque en realidad no exist\u00edan cuando se hizo la verificaci\u00f3n\u201d.&nbsp;<\/p>\n\n\n\n<p>El cinco de mayo, el secretario se\u00f1al\u00f3 que quitar\u00edan los registros a mil 62 molinos de acero de seis pa\u00edses porque \u201ctienen inconsistencias o tienen irregularidades o de plano no existen\u201d.<\/p>\n\n\n\n<p>Fuente: La <a href=\"https:\/\/www.jornada.com.mx\/noticia\/2025\/06\/05\/economia\/esperaremos-reunion-de-ebrard-con-secretarios-de-eu-para-planteamientos-sobre-el-acero-sheinbaum\">Jornada<\/a><\/p>\n\n\n\n<p><\/p>\n\n\n\n<p><\/p>\n\n\n\n<p><\/p>\n","protected":false},"excerpt":{"rendered":"<p>Tras la reuni\u00f3n que ayer tuvo con empresarios del acero y el aluminio, la presidenta Claudia Sheinbaum Pardo pidi\u00f3 esperar los resultados de la reuni\u00f3n que este vienes sostendr\u00e1 el titular de Econom\u00eda, Marcelo Ebrard, con distintos secretarios de Estados Unidos en busca de un acuerdo sobre los aranceles a la exportaci\u00f3n de esos metales, [&hellip;]<\/p>\n","protected":false},"author":35,"featured_media":184891,"comment_status":"open","ping_status":"open","sticky":false,"template":"","format":"standard","meta":{"_monsterinsights_skip_tracking":false,"_monsterinsights_sitenote_active":false,"_monsterinsights_sitenote_note":"","_monsterinsights_sitenote_category":0,"footnotes":""},"categories":[158],"tags":[183,391],"class_list":["post-184890","post","type-post","status-publish","format-standard","has-post-thumbnail","hentry","category-politica","tag-estados-unidos","tag-marcelo-ebrard","wp-image-borders"],"amp_enabled":true,"_links":{"self":[{"href":"https:\/\/nvnoticias.mx\/index.php\/wp-json\/wp\/v2\/posts\/184890","targetHints":{"allow":["GET"]}}],"collection":[{"href":"https:\/\/nvnoticias.mx\/index.php\/wp-json\/wp\/v2\/posts"}],"about":[{"href":"https:\/\/nvnoticias.mx\/index.php\/wp-json\/wp\/v2\/types\/post"}],"author":[{"embeddable":true,"href":"https:\/\/nvnoticias.mx\/index.php\/wp-json\/wp\/v2\/users\/35"}],"replies":[{"embeddable":true,"href":"https:\/\/nvnoticias.mx\/index.php\/wp-json\/wp\/v2\/comments?post=184890"}],"version-history":[{"count":3,"href":"https:\/\/nvnoticias.mx\/index.php\/wp-json\/wp\/v2\/posts\/184890\/revisions"}],"predecessor-version":[{"id":184894,"href":"https:\/\/nvnoticias.mx\/index.php\/wp-json\/wp\/v2\/posts\/184890\/revisions\/184894"}],"wp:featuredmedia":[{"embeddable":true,"href":"https:\/\/nvnoticias.mx\/index.php\/wp-json\/wp\/v2\/media\/184891"}],"wp:attachment":[{"href":"https:\/\/nvnoticias.mx\/index.php\/wp-json\/wp\/v2\/media?parent=184890"}],"wp:term":[{"taxonomy":"category","embeddable":true,"href":"https:\/\/nvnoticias.mx\/index.php\/wp-json\/wp\/v2\/categories?post=184890"},{"taxonomy":"post_tag","embeddable":true,"href":"https:\/\/nvnoticias.mx\/index.php\/wp-json\/wp\/v2\/tags?post=184890"}],"curies":[{"name":"wp","href":"https:\/\/api.w.org\/{rel}","templated":true}]}}