{"id":184786,"date":"2025-06-04T10:33:40","date_gmt":"2025-06-04T16:33:40","guid":{"rendered":"https:\/\/nvnoticias.mx\/?p=184786"},"modified":"2025-06-04T10:33:42","modified_gmt":"2025-06-04T16:33:42","slug":"el-primer-teaser-de-wicked-for-good-nos-presenta-a-los-protagonistas","status":"publish","type":"post","link":"https:\/\/nvnoticias.mx\/index.php\/2025\/06\/04\/el-primer-teaser-de-wicked-for-good-nos-presenta-a-los-protagonistas\/","title":{"rendered":"El primer teaser de &#8216;Wicked: For Good&#8217; nos presenta a los protagonistas"},"content":{"rendered":"\n<p>&#8216;Wicked&#8217; se ha convertido en todo un fen\u00f3meno mundial. Tan s\u00f3lo hay que ver su recaudaci\u00f3n en taquilla, que alcanz\u00f3 los 755 mil millones de d\u00f3lares en todo el mundo.\u00a0<strong>Su apote\u00f3sico final a ritmo de &#8216;Defying Gravity&#8217; nos dej\u00f3 con el alma en vilo<\/strong>\u00a0de cara a la segunda parte, &#8216;Wicked: For Good&#8217;, que culminar\u00e1 la historia de Elphaba y Glinda.<\/p>\n\n\n\n<p>Ya pudimos ver una de las\u00a0primeras im\u00e1genes detr\u00e1s de c\u00e1mara\u00a0con\u00a0Cynthia Erivo\u00a0metida en la piel de su personaje. Ahora Universal Pictures ha compartido, como avance al lanzamiento del primer tr\u00e1iler, un peque\u00f1o<strong>\u00a0adelanto de 20 segundos en el que todos sus protagonistas se nos presentan<\/strong>.<\/p>\n\n\n\n<p>El teaser empieza con ella,\u00a0<strong>Elphaba, con la cara oculta tras su sombrero negro de punta y poco a poco muestra su rostro verde<\/strong>\u00a0manteniendo un semblante serio. Mismo gesto que presenta Fiyero (Jonathan Bailey) con una mirada fija y un majestuoso traje dorado. Le sigue Madame Morrible (Michelle Yeoh), con una vestimenta que combina el azul y el blanco con el negro y el plateado de las ramas que salen del centro del traje, que parece querer hechizarnos con sus manos.<\/p>\n\n\n\n<p>Tambi\u00e9n vemos al Mago (Jeff Goldblum) con su sofisticado traje negro y verde que\u00a0<strong>oculta su rostro preocupado con su sombrero<\/strong>. Boq (Ethan Slater) nos saluda con su uniforme gris, y Nessarose (\u00a0Marissa Bode) llega con una actitud sosegada sobre su traje burdeos impoluto girando sobre su silla de ruedas.<\/p>\n\n\n\n<p><strong>Glinda, a la que encarna\u00a0Ariana Grande, es la \u00faltima en aparecer y lo hace deslumbrando con su enorme tiara y varita de cristal<\/strong>. Ella es quien, con un toque sutil en el aire, hace aparecer el t\u00edtulo de la pel\u00edcula sobre un fondo negro: &#8216;Wicked: For Good&#8217;.<\/p>\n\n\n\n<p><\/p>\n","protected":false},"excerpt":{"rendered":"<p>&#8216;Wicked&#8217; se ha convertido en todo un fen\u00f3meno mundial. Tan s\u00f3lo hay que ver su recaudaci\u00f3n en taquilla, que alcanz\u00f3 los 755 mil millones de d\u00f3lares en todo el mundo.\u00a0Su apote\u00f3sico final a ritmo de &#8216;Defying Gravity&#8217; nos dej\u00f3 con el alma en vilo\u00a0de cara a la segunda parte, &#8216;Wicked: For Good&#8217;, que culminar\u00e1 la [&hellip;]<\/p>\n","protected":false},"author":35,"featured_media":184792,"comment_status":"open","ping_status":"open","sticky":false,"template":"","format":"standard","meta":{"_monsterinsights_skip_tracking":false,"_monsterinsights_sitenote_active":false,"_monsterinsights_sitenote_note":"","_monsterinsights_sitenote_category":0,"footnotes":""},"categories":[576],"tags":[31785],"class_list":["post-184786","post","type-post","status-publish","format-standard","has-post-thumbnail","hentry","category-ocio","tag-wicked-for-good","wp-image-borders"],"amp_enabled":true,"_links":{"self":[{"href":"https:\/\/nvnoticias.mx\/index.php\/wp-json\/wp\/v2\/posts\/184786","targetHints":{"allow":["GET"]}}],"collection":[{"href":"https:\/\/nvnoticias.mx\/index.php\/wp-json\/wp\/v2\/posts"}],"about":[{"href":"https:\/\/nvnoticias.mx\/index.php\/wp-json\/wp\/v2\/types\/post"}],"author":[{"embeddable":true,"href":"https:\/\/nvnoticias.mx\/index.php\/wp-json\/wp\/v2\/users\/35"}],"replies":[{"embeddable":true,"href":"https:\/\/nvnoticias.mx\/index.php\/wp-json\/wp\/v2\/comments?post=184786"}],"version-history":[{"count":5,"href":"https:\/\/nvnoticias.mx\/index.php\/wp-json\/wp\/v2\/posts\/184786\/revisions"}],"predecessor-version":[{"id":184791,"href":"https:\/\/nvnoticias.mx\/index.php\/wp-json\/wp\/v2\/posts\/184786\/revisions\/184791"}],"wp:featuredmedia":[{"embeddable":true,"href":"https:\/\/nvnoticias.mx\/index.php\/wp-json\/wp\/v2\/media\/184792"}],"wp:attachment":[{"href":"https:\/\/nvnoticias.mx\/index.php\/wp-json\/wp\/v2\/media?parent=184786"}],"wp:term":[{"taxonomy":"category","embeddable":true,"href":"https:\/\/nvnoticias.mx\/index.php\/wp-json\/wp\/v2\/categories?post=184786"},{"taxonomy":"post_tag","embeddable":true,"href":"https:\/\/nvnoticias.mx\/index.php\/wp-json\/wp\/v2\/tags?post=184786"}],"curies":[{"name":"wp","href":"https:\/\/api.w.org\/{rel}","templated":true}]}}