{"id":184720,"date":"2025-06-04T09:42:09","date_gmt":"2025-06-04T15:42:09","guid":{"rendered":"https:\/\/nvnoticias.mx\/?p=184720"},"modified":"2025-06-04T09:42:11","modified_gmt":"2025-06-04T15:42:11","slug":"insiste-sheinbaum-en-el-dialogo-ante-movimiento-de-la-cnte","status":"publish","type":"post","link":"https:\/\/nvnoticias.mx\/index.php\/2025\/06\/04\/insiste-sheinbaum-en-el-dialogo-ante-movimiento-de-la-cnte\/","title":{"rendered":"Insiste Sheinbaum en el di\u00e1logo ante movimiento de la CNTE\u00a0"},"content":{"rendered":"\n<p>El gobierno federal no usar\u00e1 a la polic\u00eda ni a la Guardia Nacional para reprimir al movimiento de la Coordinadora Nacional de Trabajadores de la Educaci\u00f3n, asever\u00f3 la presidenta Claudia Sheinbaum Pardo.<\/p>\n\n\n\n<p>\u201cNo estamos de acuerdo (con el paro de labores y el plant\u00f3n en el Z\u00f3calo), pero un gobierno responsable tiene que buscar siempre esquemas de di\u00e1logo frente a una protesta social\u201d, enfatiz\u00f3 la mandataria esta ma\u00f1ana.<\/p>\n\n\n\n<p>En su conferencia en Palacio Nacional de este mi\u00e9rcoles, a pregunta sobre las afectaciones que ha generado el plant\u00f3n del magisterio disidente \u2014que hoy cumple 21 d\u00edas\u2014 tanto en el coraz\u00f3n de la Ciudad de M\u00e9xico como en otros puntos, la mandataria federal destac\u00f3 que el di\u00e1logo es prioridad para alcanzar acuerdos.<\/p>\n\n\n\n<p>\u201cEl dialogo es lo m\u00e1s importante, nosotros no vamos a usar la polic\u00eda ni la Guardia Nacional para reprimir nunca a nadie, se busca siempre el di\u00e1logo\u201d, acentu\u00f3.<\/p>\n\n\n\n<p>\u2014\u00bfY si no quieren dialogar? \u2014se le pregunt\u00f3.<\/p>\n\n\n\n<p>\u2014Vamos a espera su decisi\u00f3n.<\/p>\n\n\n\n<p>La jefa del Ejecutivo destac\u00f3 que lo relevante es que el di\u00e1logo haya permanecido abierto. \u201cNunca se ha cerrado la puerta al di\u00e1logo, y se han buscado distintas opciones.<\/p>\n\n\n\n<p>\u201cY hay demandas, como se ha planteado en las mesas con los maestros que est\u00e1n en paro de la CNTE, que es muy dif\u00edcil de cumplir, porque no hay dinero suficiente\u201d.<\/p>\n\n\n\n<p>La presidenta pidi\u00f3 no adelantarse y esperar a las negociaciones con la CNTE. \u201cVamos a esperar\u201d.<\/p>\n\n\n\n<p>Este mi\u00e9rcoles, los representantes de la CNTE tendr\u00e1n una nueva reuni\u00f3n con los representantes del gobierno federal en las negociaciones, entre ellos los secretarios de Gobernaci\u00f3n, Rosa Icela Rodr\u00edguez, y de Educaci\u00f3n P\u00fablica, Mario Delgado.<\/p>\n\n\n\n<p>Fuente: La <a href=\"https:\/\/www.jornada.com.mx\/noticia\/2025\/06\/04\/politica\/descarta-sheinbaum-represion-contra-movimiento-de-la-cnte\">Jornada<\/a><\/p>\n\n\n\n<p><\/p>\n\n\n\n<p><\/p>\n","protected":false},"excerpt":{"rendered":"<p>El gobierno federal no usar\u00e1 a la polic\u00eda ni a la Guardia Nacional para reprimir al movimiento de la Coordinadora Nacional de Trabajadores de la Educaci\u00f3n, asever\u00f3 la presidenta Claudia Sheinbaum Pardo. \u201cNo estamos de acuerdo (con el paro de labores y el plant\u00f3n en el Z\u00f3calo), pero un gobierno responsable tiene que buscar siempre [&hellip;]<\/p>\n","protected":false},"author":35,"featured_media":184725,"comment_status":"open","ping_status":"open","sticky":false,"template":"","format":"standard","meta":{"_monsterinsights_skip_tracking":false,"_monsterinsights_sitenote_active":false,"_monsterinsights_sitenote_note":"","_monsterinsights_sitenote_category":0,"footnotes":""},"categories":[158],"tags":[2801,2976,162],"class_list":["post-184720","post","type-post","status-publish","format-standard","has-post-thumbnail","hentry","category-politica","tag-claudia-sheinbaum","tag-cnte","tag-portada","wp-image-borders"],"amp_enabled":true,"_links":{"self":[{"href":"https:\/\/nvnoticias.mx\/index.php\/wp-json\/wp\/v2\/posts\/184720","targetHints":{"allow":["GET"]}}],"collection":[{"href":"https:\/\/nvnoticias.mx\/index.php\/wp-json\/wp\/v2\/posts"}],"about":[{"href":"https:\/\/nvnoticias.mx\/index.php\/wp-json\/wp\/v2\/types\/post"}],"author":[{"embeddable":true,"href":"https:\/\/nvnoticias.mx\/index.php\/wp-json\/wp\/v2\/users\/35"}],"replies":[{"embeddable":true,"href":"https:\/\/nvnoticias.mx\/index.php\/wp-json\/wp\/v2\/comments?post=184720"}],"version-history":[{"count":3,"href":"https:\/\/nvnoticias.mx\/index.php\/wp-json\/wp\/v2\/posts\/184720\/revisions"}],"predecessor-version":[{"id":184726,"href":"https:\/\/nvnoticias.mx\/index.php\/wp-json\/wp\/v2\/posts\/184720\/revisions\/184726"}],"wp:featuredmedia":[{"embeddable":true,"href":"https:\/\/nvnoticias.mx\/index.php\/wp-json\/wp\/v2\/media\/184725"}],"wp:attachment":[{"href":"https:\/\/nvnoticias.mx\/index.php\/wp-json\/wp\/v2\/media?parent=184720"}],"wp:term":[{"taxonomy":"category","embeddable":true,"href":"https:\/\/nvnoticias.mx\/index.php\/wp-json\/wp\/v2\/categories?post=184720"},{"taxonomy":"post_tag","embeddable":true,"href":"https:\/\/nvnoticias.mx\/index.php\/wp-json\/wp\/v2\/tags?post=184720"}],"curies":[{"name":"wp","href":"https:\/\/api.w.org\/{rel}","templated":true}]}}