{"id":184508,"date":"2025-06-02T09:46:31","date_gmt":"2025-06-02T15:46:31","guid":{"rendered":"https:\/\/nvnoticias.mx\/?p=184508"},"modified":"2025-06-02T09:46:33","modified_gmt":"2025-06-02T15:46:33","slug":"celebra-sheinbaum-reaparicion-de-amlo","status":"publish","type":"post","link":"https:\/\/nvnoticias.mx\/index.php\/2025\/06\/02\/celebra-sheinbaum-reaparicion-de-amlo\/","title":{"rendered":"Celebra Sheinbaum reaparici\u00f3n de AMLO"},"content":{"rendered":"\n<p>La Jefa del ejecutivo Claudia Sheinbaum celebr\u00f3 la reaparici\u00f3n del presidente Andr\u00e9s Manuel L\u00f3pez Obrador, \u201cnos dio mucho gusto verlo, no sab\u00edamos que iba a salir a votar, agradezco mucho sus palabras fueron muy emotivas. Mucho agradecimiento. Sali\u00f3 a ejercer su derecho al voto. Anunci\u00f3 que ya viene su libro. Se ve muy bien y a la gente le dio mucho gusto\u201d.<br><br>Ironiz\u00f3 con las versiones de tuvo una reuni\u00f3n con L\u00f3pez Obrador en el s\u00f3tano de la secretar\u00eda de Gobernaci\u00f3n, durante una visita a la titular de la dependencia, Rosa Icela Rodr\u00edguez.&nbsp;<\/p>\n\n\n\n<p>Adem\u00e1s, cuestion\u00f3 a quienes apostaban a que, si reaparec\u00eda el expresidente, la gente lo iba a vapulear. \u201cYo vi que la gente estaba muy contenta\u201d, acot\u00f3.<\/p>\n\n\n\n<p>Fuente: La <a href=\"https:\/\/www.jornada.com.mx\/noticia\/2025\/06\/02\/politica\/celebra-sheinbaum-reaparicion-de-amlo-nos-dio-mucho-gusto-verlo\">Jornada<\/a><\/p>\n\n\n\n<p><\/p>\n\n\n\n<p><\/p>\n","protected":false},"excerpt":{"rendered":"<p>La Jefa del ejecutivo Claudia Sheinbaum celebr\u00f3 la reaparici\u00f3n del presidente Andr\u00e9s Manuel L\u00f3pez Obrador, \u201cnos dio mucho gusto verlo, no sab\u00edamos que iba a salir a votar, agradezco mucho sus palabras fueron muy emotivas. Mucho agradecimiento. Sali\u00f3 a ejercer su derecho al voto. Anunci\u00f3 que ya viene su libro. Se ve muy bien y [&hellip;]<\/p>\n","protected":false},"author":35,"featured_media":184509,"comment_status":"open","ping_status":"open","sticky":false,"template":"","format":"standard","meta":{"_monsterinsights_skip_tracking":false,"_monsterinsights_sitenote_active":false,"_monsterinsights_sitenote_note":"","_monsterinsights_sitenote_category":0,"footnotes":""},"categories":[158],"tags":[188,2801,162],"class_list":["post-184508","post","type-post","status-publish","format-standard","has-post-thumbnail","hentry","category-politica","tag-amlo","tag-claudia-sheinbaum","tag-portada","wp-image-borders"],"amp_enabled":true,"_links":{"self":[{"href":"https:\/\/nvnoticias.mx\/index.php\/wp-json\/wp\/v2\/posts\/184508","targetHints":{"allow":["GET"]}}],"collection":[{"href":"https:\/\/nvnoticias.mx\/index.php\/wp-json\/wp\/v2\/posts"}],"about":[{"href":"https:\/\/nvnoticias.mx\/index.php\/wp-json\/wp\/v2\/types\/post"}],"author":[{"embeddable":true,"href":"https:\/\/nvnoticias.mx\/index.php\/wp-json\/wp\/v2\/users\/35"}],"replies":[{"embeddable":true,"href":"https:\/\/nvnoticias.mx\/index.php\/wp-json\/wp\/v2\/comments?post=184508"}],"version-history":[{"count":3,"href":"https:\/\/nvnoticias.mx\/index.php\/wp-json\/wp\/v2\/posts\/184508\/revisions"}],"predecessor-version":[{"id":184512,"href":"https:\/\/nvnoticias.mx\/index.php\/wp-json\/wp\/v2\/posts\/184508\/revisions\/184512"}],"wp:featuredmedia":[{"embeddable":true,"href":"https:\/\/nvnoticias.mx\/index.php\/wp-json\/wp\/v2\/media\/184509"}],"wp:attachment":[{"href":"https:\/\/nvnoticias.mx\/index.php\/wp-json\/wp\/v2\/media?parent=184508"}],"wp:term":[{"taxonomy":"category","embeddable":true,"href":"https:\/\/nvnoticias.mx\/index.php\/wp-json\/wp\/v2\/categories?post=184508"},{"taxonomy":"post_tag","embeddable":true,"href":"https:\/\/nvnoticias.mx\/index.php\/wp-json\/wp\/v2\/tags?post=184508"}],"curies":[{"name":"wp","href":"https:\/\/api.w.org\/{rel}","templated":true}]}}