{"id":184227,"date":"2025-05-30T11:05:14","date_gmt":"2025-05-30T17:05:14","guid":{"rendered":"https:\/\/nvnoticias.mx\/?p=184227"},"modified":"2025-05-30T11:05:16","modified_gmt":"2025-05-30T17:05:16","slug":"taylor-swift-recupero-toda-su-musica","status":"publish","type":"post","link":"https:\/\/nvnoticias.mx\/index.php\/2025\/05\/30\/taylor-swift-recupero-toda-su-musica\/","title":{"rendered":"Taylor Swift recuper\u00f3 TODA su m\u00fasica"},"content":{"rendered":"\n<p>La ma\u00f1ana de este viernes 30 de mayo el nombre de\u00a0Taylor Swift se volvi\u00f3 tendencia en las redes sociales y es que, la cantante estadunidense comparti\u00f3 que tras varios a\u00f1os de lucha<strong>\u00a0ha vuelto a ser due\u00f1a de toda su m\u00fasica<\/strong>.\u00a0<br><\/p>\n\n\n\n<p>A primeras horas del d\u00eda, la cantante de\u00a0<em>Cruel Summer\u00a0<\/em>sorprendi\u00f3 a sus seguidores cuando comparti\u00f3 una serie de fotos en su cuenta de Instagram. En ellas, s<strong>e mostraba a la cantante sentada junto a todos sus \u00e1lbumes\u00a0<\/strong>y dando la noticia de que hab\u00eda recuperado absolutamente toda su m\u00fasica.\u00a0<\/p>\n\n\n\n<p>Adem\u00e1s, Taylor escribi\u00f3 una carta en donde dejaba ver su enorme felicidad por al fin lograrlo. Swift dijo que tras 20 a\u00f1os de estar persigui\u00e9ndolo, ha recuperado sus videos, pel\u00edculas, recuerdos y hasta las canciones in\u00e9ditas.<\/p>\n\n\n\n<blockquote class=\"wp-block-quote is-layout-flow wp-block-quote-is-layout-flow\">\n<p>&#8220;&#8230;Ahora mismo mi mente es un caos desorganizado&#8230;<strong>Casi dej\u00e9 de pensar que podr\u00eda suceder despu\u00e9s de 20 a\u00f1os de esperar a que me colgaran una zanahoria y luego me la arrebataran.\u00a0<\/strong>Pero todo eso ya es cosa del pasado. He estado rompiendo a llorar de alegr\u00eda a intervalos aleatorios desde que descubr\u00ed que esto realmente est\u00e1 sucediendo. De verdad puedo decir estas palabras: toda la m\u00fasica que he creado ahora me pertenece: Y todos mis videos musicales, Todas las pel\u00edculas de mi cl\u00f3set, los recuerdos y la fotograf\u00eda, las canciones in\u00e9ditas, cada detalle, la magia, el trabajo de toda mi vida&#8221;, escribi\u00f3.\u00a0<\/p>\n<\/blockquote>\n\n\n\n<p>Asimismo, mencion\u00f3 que uno de los prop\u00f3sitos de trabajar durante mucho tiempo era el recuperar su m\u00fasica en su totalidad.&nbsp;<strong>Agradeci\u00f3 a su equipo legal<\/strong>&nbsp;y por supuesto, a sus millones de seguidores que la han apoyado en todo momento y en cada paso que ha dado durante su carrera.<\/p>\n\n\n\n<blockquote class=\"wp-block-quote is-layout-flow wp-block-quote-is-layout-flow\">\n<p>&#8220;Decir que esto es el sue\u00f1o de una superestrella hecho realidad es, en realidad, ser bastante reservado. A mis fans, saben lo importante que ha sido para m\u00ed, tanto que lo regrab\u00e9 y lo publiqu\u00e9 meticulosamente una y otra vez, llam\u00e1ndolo &#8220;La Versi\u00f3n de Taylor&#8221;.<strong>&nbsp;No tengo palabras para agradecerles por ayudarme a reencontrarme con este arte al que he dedicado mi vida, pero que nunca hab\u00eda pose\u00eddo hasta ahora<\/strong>&#8220;.<\/p>\n<\/blockquote>\n\n\n\n<blockquote class=\"wp-block-quote is-layout-flow wp-block-quote-is-layout-flow\">\n<p>&#8220;Todo lo que siempre he deseado era la oportunidad de trabajar lo suficiente para poder comprar mi m\u00fasica directamente.<strong>&nbsp;Ser\u00e1 para siempre, a partir de la medianoche, en el momento en que Capital me transfiera todo de nuevo. Gracias al equipo de Taylor;&nbsp;<\/strong>cada interacci\u00f3n con el equipo legal ha sido honesta, justa y respetuosa&#8221;, continu\u00f3.<\/p>\n<\/blockquote>\n\n\n\n<p>Fuente: <a href=\"https:\/\/amp.milenio.com\/espectaculos\/musica\/taylor-swift-recupera-toda-su-musica\">Milenio<\/a><\/p>\n\n\n\n<p><\/p>\n\n\n\n<p><\/p>\n\n\n\n<p><\/p>\n","protected":false},"excerpt":{"rendered":"<p>La ma\u00f1ana de este viernes 30 de mayo el nombre de\u00a0Taylor Swift se volvi\u00f3 tendencia en las redes sociales y es que, la cantante estadunidense comparti\u00f3 que tras varios a\u00f1os de lucha\u00a0ha vuelto a ser due\u00f1a de toda su m\u00fasica.\u00a0 A primeras horas del d\u00eda, la cantante de\u00a0Cruel Summer\u00a0sorprendi\u00f3 a sus seguidores cuando comparti\u00f3 una [&hellip;]<\/p>\n","protected":false},"author":35,"featured_media":184229,"comment_status":"open","ping_status":"open","sticky":false,"template":"","format":"standard","meta":{"_monsterinsights_skip_tracking":false,"_monsterinsights_sitenote_active":false,"_monsterinsights_sitenote_note":"","_monsterinsights_sitenote_category":0,"footnotes":""},"categories":[576],"tags":[4050,31974,4135],"class_list":["post-184227","post","type-post","status-publish","format-standard","has-post-thumbnail","hentry","category-ocio","tag-musica","tag-recupero","tag-taylor-swift","wp-image-borders"],"amp_enabled":true,"_links":{"self":[{"href":"https:\/\/nvnoticias.mx\/index.php\/wp-json\/wp\/v2\/posts\/184227","targetHints":{"allow":["GET"]}}],"collection":[{"href":"https:\/\/nvnoticias.mx\/index.php\/wp-json\/wp\/v2\/posts"}],"about":[{"href":"https:\/\/nvnoticias.mx\/index.php\/wp-json\/wp\/v2\/types\/post"}],"author":[{"embeddable":true,"href":"https:\/\/nvnoticias.mx\/index.php\/wp-json\/wp\/v2\/users\/35"}],"replies":[{"embeddable":true,"href":"https:\/\/nvnoticias.mx\/index.php\/wp-json\/wp\/v2\/comments?post=184227"}],"version-history":[{"count":8,"href":"https:\/\/nvnoticias.mx\/index.php\/wp-json\/wp\/v2\/posts\/184227\/revisions"}],"predecessor-version":[{"id":184236,"href":"https:\/\/nvnoticias.mx\/index.php\/wp-json\/wp\/v2\/posts\/184227\/revisions\/184236"}],"wp:featuredmedia":[{"embeddable":true,"href":"https:\/\/nvnoticias.mx\/index.php\/wp-json\/wp\/v2\/media\/184229"}],"wp:attachment":[{"href":"https:\/\/nvnoticias.mx\/index.php\/wp-json\/wp\/v2\/media?parent=184227"}],"wp:term":[{"taxonomy":"category","embeddable":true,"href":"https:\/\/nvnoticias.mx\/index.php\/wp-json\/wp\/v2\/categories?post=184227"},{"taxonomy":"post_tag","embeddable":true,"href":"https:\/\/nvnoticias.mx\/index.php\/wp-json\/wp\/v2\/tags?post=184227"}],"curies":[{"name":"wp","href":"https:\/\/api.w.org\/{rel}","templated":true}]}}