{"id":184209,"date":"2025-05-30T09:31:17","date_gmt":"2025-05-30T15:31:17","guid":{"rendered":"https:\/\/nvnoticias.mx\/?p=184209"},"modified":"2025-05-30T09:31:19","modified_gmt":"2025-05-30T15:31:19","slug":"con-nueva-propuesta-a-cnte-espera-sheinbaum-que-no-haya-boicot-a-eleccion","status":"publish","type":"post","link":"https:\/\/nvnoticias.mx\/index.php\/2025\/05\/30\/con-nueva-propuesta-a-cnte-espera-sheinbaum-que-no-haya-boicot-a-eleccion\/","title":{"rendered":"Con nueva propuesta a CNTE, espera Sheinbaum que no haya boicot a elecci\u00f3n"},"content":{"rendered":"\n<p>Con la nueva propuesta que le presentaron las secretar\u00edas de Gobernaci\u00f3n y Educaci\u00f3n P\u00fablica a la Coordinadora Nacional de Trabajadores de la Educaci\u00f3n, la presidenta Claudia Sheinbaum confi\u00f3 en que no vaya a haber boicot de los maestros a la elecci\u00f3n del Poder Judicial de este domingo.<\/p>\n\n\n\n<p>Asever\u00f3 que los dirigentes de la CNTE informaron que llevar\u00edan la propuesta para consultarla a las bases del movimiento. Se\u00f1al\u00f3 que es un esfuerzo extraordinario del gobierno federal porque es una convicci\u00f3n de su gobierno mejorar las condiciones de los maestros y fortalecer la educaci\u00f3n p\u00fablica.<\/p>\n\n\n\n<p>\u00bfSobre esta postura de que est\u00e1 abierta la posibilidad de un boicot?<\/p>\n\n\n\n<p>-Esperemos que no pues estar\u00edan actuando contra la libertad del pueblo para poder decidir el poder judicial. Que consulten esta propuesta, que es un esfuerzo extraordinario que hacemos porque creemos en los maestros y en la educaci\u00f3n p\u00fablica.<\/p>\n\n\n\n<p>Sheinbaum dijo que lo que no nos parece son estos actos violentos y la afectaci\u00f3n a la Ciudad de M\u00e9xico. Se entender\u00eda si no hubiera di\u00e1logo y estuvi\u00e9ramos cerrados, pero cuando hay una mesa abierta por qu\u00e9 tienen que estar bajo esta circunstancia.<\/p>\n\n\n\n<p>El domingo va a haber una participaci\u00f3n muy importante del pueblo y ser\u00e1 pac\u00edfica, va a ser un gran d\u00eda para M\u00e9xico.<\/p>\n\n\n\n<p>Fuente: La <a href=\"https:\/\/www.jornada.com.mx\/noticia\/2025\/05\/30\/politica\/con-nueva-propuesta-a-cnte-espera-sheinbaum-que-no-haya-boicot-a-eleccion\">Jornada<\/a><\/p>\n\n\n\n<p><br><\/p>\n","protected":false},"excerpt":{"rendered":"<p>Con la nueva propuesta que le presentaron las secretar\u00edas de Gobernaci\u00f3n y Educaci\u00f3n P\u00fablica a la Coordinadora Nacional de Trabajadores de la Educaci\u00f3n, la presidenta Claudia Sheinbaum confi\u00f3 en que no vaya a haber boicot de los maestros a la elecci\u00f3n del Poder Judicial de este domingo. Asever\u00f3 que los dirigentes de la CNTE informaron [&hellip;]<\/p>\n","protected":false},"author":35,"featured_media":184212,"comment_status":"open","ping_status":"open","sticky":false,"template":"","format":"standard","meta":{"_monsterinsights_skip_tracking":false,"_monsterinsights_sitenote_active":false,"_monsterinsights_sitenote_note":"","_monsterinsights_sitenote_category":0,"footnotes":""},"categories":[158],"tags":[2801,2976,162],"class_list":["post-184209","post","type-post","status-publish","format-standard","has-post-thumbnail","hentry","category-politica","tag-claudia-sheinbaum","tag-cnte","tag-portada","wp-image-borders"],"amp_enabled":true,"_links":{"self":[{"href":"https:\/\/nvnoticias.mx\/index.php\/wp-json\/wp\/v2\/posts\/184209","targetHints":{"allow":["GET"]}}],"collection":[{"href":"https:\/\/nvnoticias.mx\/index.php\/wp-json\/wp\/v2\/posts"}],"about":[{"href":"https:\/\/nvnoticias.mx\/index.php\/wp-json\/wp\/v2\/types\/post"}],"author":[{"embeddable":true,"href":"https:\/\/nvnoticias.mx\/index.php\/wp-json\/wp\/v2\/users\/35"}],"replies":[{"embeddable":true,"href":"https:\/\/nvnoticias.mx\/index.php\/wp-json\/wp\/v2\/comments?post=184209"}],"version-history":[{"count":4,"href":"https:\/\/nvnoticias.mx\/index.php\/wp-json\/wp\/v2\/posts\/184209\/revisions"}],"predecessor-version":[{"id":184214,"href":"https:\/\/nvnoticias.mx\/index.php\/wp-json\/wp\/v2\/posts\/184209\/revisions\/184214"}],"wp:featuredmedia":[{"embeddable":true,"href":"https:\/\/nvnoticias.mx\/index.php\/wp-json\/wp\/v2\/media\/184212"}],"wp:attachment":[{"href":"https:\/\/nvnoticias.mx\/index.php\/wp-json\/wp\/v2\/media?parent=184209"}],"wp:term":[{"taxonomy":"category","embeddable":true,"href":"https:\/\/nvnoticias.mx\/index.php\/wp-json\/wp\/v2\/categories?post=184209"},{"taxonomy":"post_tag","embeddable":true,"href":"https:\/\/nvnoticias.mx\/index.php\/wp-json\/wp\/v2\/tags?post=184209"}],"curies":[{"name":"wp","href":"https:\/\/api.w.org\/{rel}","templated":true}]}}