{"id":184155,"date":"2025-05-29T15:29:03","date_gmt":"2025-05-29T21:29:03","guid":{"rendered":"https:\/\/nvnoticias.mx\/?p=184155"},"modified":"2025-05-29T15:29:04","modified_gmt":"2025-05-29T21:29:04","slug":"sheinbaum-afirma-que-la-violencia-digital-con-ia-se-tiene-que-tipificar-porque-es-un-delito","status":"publish","type":"post","link":"https:\/\/nvnoticias.mx\/index.php\/2025\/05\/29\/sheinbaum-afirma-que-la-violencia-digital-con-ia-se-tiene-que-tipificar-porque-es-un-delito\/","title":{"rendered":"Sheinbaum afirma que la violencia digital con IA se tiene que tipificar \u201cporque es un delito\u201d"},"content":{"rendered":"\n<p><a href=\"https:\/\/www.infobae.com\/mexico\/2025\/05\/28\/sheinbaum-participara-en-la-cumbre-del-g7-esta-es-su-respuesta\/\" target=\"_blank\" rel=\"noreferrer noopener\"><strong>Claudia Sheinbaum Pardo,<\/strong><\/a>\u00a0titular del Ejecutivo en M\u00e9xico, lider\u00f3 la conferencia matutina del 28 de mayo, donde manifest\u00f3 su firme rechazo por el uso de la\u00a0<strong>Inteligencia Artificial (IA)\u00a0<\/strong>en la manipulaci\u00f3n de im\u00e1genes con fines de<strong>violencia digital.<\/strong><a href=\"https:\/\/www.infobae.com\/mexico\/2025\/05\/29\/sheinbaum-desestima-amenaza-de-paro-de-los-gaseros-del-pais-no-creo-que-se-vaya-a-dar\/\" target=\"_blank\" rel=\"noreferrer noopener\"><\/a><\/p>\n\n\n\n<p>Durante\u00a0<strong>\u201cLa Ma\u00f1anera del Pueblo\u201d,<\/strong>\u00a0la presidenta fue cuestionada sobre el uso indebido de esta\u00a0<strong>herramienta tecnol\u00f3gica<\/strong>, dado que en M\u00e9xico se han registrado varios casos de abuso relacionados con la difusi\u00f3n de im\u00e1genes que vulneran la\u00a0<strong>integridad de las v\u00edctimas.<\/strong><\/p>\n\n\n\n<p>Uno de los casos a los que se hizo referencia fue el de\u00a0<strong>Diego \u201cN\u201d,<\/strong>\u00a0quien fue denunciado por alumnas del\u00a0<strong>Instituto Polit\u00e9cnico Nacional (IPN)<\/strong>por emplear inteligencia artificial para alterar y vender sus\u00a0<strong>fotograf\u00edas sin su autorizaci\u00f3n.<\/strong><\/p>\n\n\n\n<p>En su discurso,<strong>\u00a0Sheinbaum Pardo\u00a0<\/strong>hizo alusi\u00f3n a la\u00a0<em><strong>Ley Olimpia<\/strong><\/em>, impulsada por la activista\u00a0<strong>Olimpia Corral Melo\u00a0<\/strong>tras ser victima de la difusi\u00f3n no consentida de contenido \u00edntimo en redes sociales. Aunque el caso ocurri\u00f3 en 2020, actualmente este tipo de delitos contin\u00faa en aumento, especialmente con el uso de la<strong>inteligencia artificial.<\/strong><\/p>\n\n\n\n<p>Fuente: <a href=\"https:\/\/www.infobae.com\/mexico\/2025\/05\/29\/sheinbaum-afirma-que-la-violencia-digital-con-ia-se-tiene-que-tipificar-porque-es-un-delito-tras-sentencia-de-diego-n\/\">Infobae<\/a> <\/p>\n","protected":false},"excerpt":{"rendered":"<p>Claudia Sheinbaum Pardo,\u00a0titular del Ejecutivo en M\u00e9xico, lider\u00f3 la conferencia matutina del 28 de mayo, donde manifest\u00f3 su firme rechazo por el uso de la\u00a0Inteligencia Artificial (IA)\u00a0en la manipulaci\u00f3n de im\u00e1genes con fines deviolencia digital. Durante\u00a0\u201cLa Ma\u00f1anera del Pueblo\u201d,\u00a0la presidenta fue cuestionada sobre el uso indebido de esta\u00a0herramienta tecnol\u00f3gica, dado que en M\u00e9xico se han [&hellip;]<\/p>\n","protected":false},"author":35,"featured_media":184161,"comment_status":"open","ping_status":"open","sticky":false,"template":"","format":"standard","meta":{"_monsterinsights_skip_tracking":false,"_monsterinsights_sitenote_active":false,"_monsterinsights_sitenote_note":"","_monsterinsights_sitenote_category":0,"footnotes":""},"categories":[158],"tags":[2801,464],"class_list":["post-184155","post","type-post","status-publish","format-standard","has-post-thumbnail","hentry","category-politica","tag-claudia-sheinbaum","tag-inteligencia-artificial","wp-image-borders"],"amp_enabled":true,"_links":{"self":[{"href":"https:\/\/nvnoticias.mx\/index.php\/wp-json\/wp\/v2\/posts\/184155","targetHints":{"allow":["GET"]}}],"collection":[{"href":"https:\/\/nvnoticias.mx\/index.php\/wp-json\/wp\/v2\/posts"}],"about":[{"href":"https:\/\/nvnoticias.mx\/index.php\/wp-json\/wp\/v2\/types\/post"}],"author":[{"embeddable":true,"href":"https:\/\/nvnoticias.mx\/index.php\/wp-json\/wp\/v2\/users\/35"}],"replies":[{"embeddable":true,"href":"https:\/\/nvnoticias.mx\/index.php\/wp-json\/wp\/v2\/comments?post=184155"}],"version-history":[{"count":6,"href":"https:\/\/nvnoticias.mx\/index.php\/wp-json\/wp\/v2\/posts\/184155\/revisions"}],"predecessor-version":[{"id":184162,"href":"https:\/\/nvnoticias.mx\/index.php\/wp-json\/wp\/v2\/posts\/184155\/revisions\/184162"}],"wp:featuredmedia":[{"embeddable":true,"href":"https:\/\/nvnoticias.mx\/index.php\/wp-json\/wp\/v2\/media\/184161"}],"wp:attachment":[{"href":"https:\/\/nvnoticias.mx\/index.php\/wp-json\/wp\/v2\/media?parent=184155"}],"wp:term":[{"taxonomy":"category","embeddable":true,"href":"https:\/\/nvnoticias.mx\/index.php\/wp-json\/wp\/v2\/categories?post=184155"},{"taxonomy":"post_tag","embeddable":true,"href":"https:\/\/nvnoticias.mx\/index.php\/wp-json\/wp\/v2\/tags?post=184155"}],"curies":[{"name":"wp","href":"https:\/\/api.w.org\/{rel}","templated":true}]}}