{"id":184069,"date":"2025-05-29T09:46:01","date_gmt":"2025-05-29T15:46:01","guid":{"rendered":"https:\/\/nvnoticias.mx\/?p=184069"},"modified":"2025-05-29T09:46:50","modified_gmt":"2025-05-29T15:46:50","slug":"no-caeremos-en-provocaciones-para-reprimir-marchas-de-maestros-sheinbaum","status":"publish","type":"post","link":"https:\/\/nvnoticias.mx\/index.php\/2025\/05\/29\/no-caeremos-en-provocaciones-para-reprimir-marchas-de-maestros-sheinbaum\/","title":{"rendered":"No caeremos en provocaciones para reprimir marchas de maestros: Sheinbaum"},"content":{"rendered":"\n<p>En tanto la Coordinadora Nacional de Trabajadores de la Educaci\u00f3n (CNTE) analiza en asambleas la propuesta que les present\u00f3, a trav\u00e9s de secretarios de Estado, en la reanudaci\u00f3n de la mesa de di\u00e1logo para mejorar las condiciones de las pensiones del Instituto de Seguridad y Servicios Sociales de los Trabajadores del Estado (Issste), la presidenta Claudia Sheinbaum Pardo asegur\u00f3 que no caer\u00e1 en provocaciones para reprimir ante las movilizaciones de la disidencia magisterial.<\/p>\n\n\n\n<p>\u201cNo vamos a caer en ninguna provocaci\u00f3n de alguna represi\u00f3n; primero, porque no creemos en ella y, segundo, porque ser\u00eda lo que estuvieran esperando. Nosotros no vamos a caer en provocaciones\u201d.<\/p>\n\n\n\n<p>Anunci\u00f3 que en otra conferencia o mediante comunicado, los secretarios de Gobernaci\u00f3n, Rosa Icela Rodr\u00edguez, y de Educaci\u00f3n P\u00fablica, Mario Delgado, as\u00ed como el director del Issste, Mart\u00ed Batres, \u201cquienes han estado atendiendo, junto con un equipo de la Secretar\u00eda de Hacienda\u201d a los maestros, detallar\u00e1n sobre la propuesta que se hizo.<\/p>\n\n\n\n<p>-\u00bfPrev\u00e9 que su gobierno llegue a un acuerdo con la CNTE antes del fin de semana?<\/p>\n\n\n\n<p>-Lo van a informar el secretario de Educaci\u00f3n, la secretaria de Gobernaci\u00f3n y el director del Issste.<\/p>\n\n\n\n<p>-\u00bfTiene alguna cifra de ni\u00f1os afectados en la Ciudad de M\u00e9xico por todos estos bloqueos?<\/p>\n\n\n\n<p>-S\u00ed, ha sido dif\u00edcil para la ciudadan\u00eda, pero no vamos a caer en ninguna provocaci\u00f3n de alguna represi\u00f3n.<\/p>\n\n\n\n<p>Fuente: La <a href=\"https:\/\/www.jornada.com.mx\/noticia\/2025\/05\/29\/politica\/no-caeremos-en-provocaciones-para-reprimir-marchas-de-maestros-sheinbaum\">Jornada<\/a><\/p>\n\n\n\n<p><\/p>\n\n\n\n<p><\/p>\n\n\n\n<p><\/p>\n","protected":false},"excerpt":{"rendered":"<p>En tanto la Coordinadora Nacional de Trabajadores de la Educaci\u00f3n (CNTE) analiza en asambleas la propuesta que les present\u00f3, a trav\u00e9s de secretarios de Estado, en la reanudaci\u00f3n de la mesa de di\u00e1logo para mejorar las condiciones de las pensiones del Instituto de Seguridad y Servicios Sociales de los Trabajadores del Estado (Issste), la presidenta [&hellip;]<\/p>\n","protected":false},"author":35,"featured_media":184070,"comment_status":"open","ping_status":"open","sticky":false,"template":"","format":"standard","meta":{"_monsterinsights_skip_tracking":false,"_monsterinsights_sitenote_active":false,"_monsterinsights_sitenote_note":"","_monsterinsights_sitenote_category":0,"footnotes":""},"categories":[157],"tags":[2801,2976,162],"class_list":["post-184069","post","type-post","status-publish","format-standard","has-post-thumbnail","hentry","category-nacional","tag-claudia-sheinbaum","tag-cnte","tag-portada","wp-image-borders"],"amp_enabled":true,"_links":{"self":[{"href":"https:\/\/nvnoticias.mx\/index.php\/wp-json\/wp\/v2\/posts\/184069","targetHints":{"allow":["GET"]}}],"collection":[{"href":"https:\/\/nvnoticias.mx\/index.php\/wp-json\/wp\/v2\/posts"}],"about":[{"href":"https:\/\/nvnoticias.mx\/index.php\/wp-json\/wp\/v2\/types\/post"}],"author":[{"embeddable":true,"href":"https:\/\/nvnoticias.mx\/index.php\/wp-json\/wp\/v2\/users\/35"}],"replies":[{"embeddable":true,"href":"https:\/\/nvnoticias.mx\/index.php\/wp-json\/wp\/v2\/comments?post=184069"}],"version-history":[{"count":4,"href":"https:\/\/nvnoticias.mx\/index.php\/wp-json\/wp\/v2\/posts\/184069\/revisions"}],"predecessor-version":[{"id":184074,"href":"https:\/\/nvnoticias.mx\/index.php\/wp-json\/wp\/v2\/posts\/184069\/revisions\/184074"}],"wp:featuredmedia":[{"embeddable":true,"href":"https:\/\/nvnoticias.mx\/index.php\/wp-json\/wp\/v2\/media\/184070"}],"wp:attachment":[{"href":"https:\/\/nvnoticias.mx\/index.php\/wp-json\/wp\/v2\/media?parent=184069"}],"wp:term":[{"taxonomy":"category","embeddable":true,"href":"https:\/\/nvnoticias.mx\/index.php\/wp-json\/wp\/v2\/categories?post=184069"},{"taxonomy":"post_tag","embeddable":true,"href":"https:\/\/nvnoticias.mx\/index.php\/wp-json\/wp\/v2\/tags?post=184069"}],"curies":[{"name":"wp","href":"https:\/\/api.w.org\/{rel}","templated":true}]}}