{"id":18401,"date":"2021-07-12T10:41:25","date_gmt":"2021-07-12T15:41:25","guid":{"rendered":"https:\/\/nvnoticias.mx\/?p=18401"},"modified":"2021-07-12T10:42:58","modified_gmt":"2021-07-12T15:42:58","slug":"monreal-y-el-desafio-a-la-4t","status":"publish","type":"post","link":"https:\/\/nvnoticias.mx\/index.php\/2021\/07\/12\/monreal-y-el-desafio-a-la-4t\/","title":{"rendered":"Monreal y el desaf\u00edo a la 4T"},"content":{"rendered":"\n<p><strong>Mtro. Edgard Gonz\u00e1lez Su\u00e1rez&nbsp;<\/strong><\/p>\n\n\n\n<p>La semana pasada se present\u00f3 otro round de sombra entre distintas fuerzas aliadas en el marco de lo que se denomina la 4\u00aa Transformaci\u00f3n.&nbsp;<\/p>\n\n\n\n<p>Despu\u00e9s de que Andr\u00e9s L\u00f3pez Obrador encartara a varios colaboradores suyos como aspirantes a sucederlo en la Presidencia de la Rep\u00fablica, entre quienes se destacaron, Juan Ram\u00f3n de la Fuente, Marcelo Ebrard, Esteban Moctezuma, Claudia Sheinbaum, Roc\u00edo Nahle, Tatiana Clouthier, con lo cual mand\u00f3 el mensaje, a propios y extra\u00f1os, de que la sucesi\u00f3n&nbsp;est\u00e1&nbsp;bajo su control. Al \u00fanico al que voltearon a ver, precisamente&nbsp;porque&nbsp;no apareci\u00f3 en esa lista fue a Ricardo Monreal, sobre quien pesa la responsabilidad pol\u00edtica de la derrota de la 4T en varias alcald\u00edas de la Ciudad de M\u00e9xico.&nbsp;<\/p>\n\n\n\n<p>En una de tantas entrevistas a las que \u00faltimamente recurre el Senador Monreal manifest\u00f3, que \u201cabrir una sucesi\u00f3n presidencial adelantada no es afortunada\u2026distrae a funcionarios de sus tareas, y se generan grupos y corrientes de opini\u00f3n\u201d.&nbsp;<\/p>\n\n\n\n<p>En esa misma entrevista declar\u00f3 que le interesa contender por la Presidencia y de que \u201cestar\u00e1 puntual a la cita con la historia\u201d. Por si fuera poco, un Monreal ya muy consciente de fuerza y peso en la CDMEX ret\u00f3 al presidente al dejar claro, de manera impl\u00edcita, de que las reglas de la sucesi\u00f3n, no la fija el presidente, sino que esperara la convocatoria emitida por el Partido.&nbsp;<\/p>\n\n\n\n<p>En la insistente entrevista, el coordinador de los senadores de MORENA sostuvo que&nbsp;\u00e9l&nbsp;no se va a adelantar, ni a precipitar, que el trabajar\u00e1 y esperar\u00e1 los tiempos con \u201cpaciencia y prudencia\u201d.&nbsp;&nbsp;<\/p>\n\n\n\n<p>Sabedor de que fue una semana dif\u00edcil para L\u00f3pez Obrador al enfrentar la ofensiva medi\u00e1tica por la detenci\u00f3n de C\u00e1rdenas Palomino y la vinculaci\u00f3n a proceso de Ildefonso Guajardo, Monreal se represent\u00f3 a s\u00ed mismo, en una segunda entrevista, como un \u201caspirante normal y no un ambicioso vulgar\u201d.&nbsp;<\/p>\n\n\n\n<p>Y para mantener la cuerda tensa, coment\u00f3 que el presidente est\u00e1 en su derecho de encartar a sus colaboradores, a los que \u00e9l quiera, porque el hecho de que no lo haya mencionado a \u00e9l, \u201cni lo molesta ni lo ofende\u201d, ya que Monreal \u201crepresenta a un poder soberano, independiente y aut\u00f3nomo\u201d.&nbsp;<\/p>\n\n\n\n<p>El Senador Ricardo Monreal remato exigiendo \u201cpiso parejo, equidad en la contienda y no discriminaci\u00f3n\u201d en la contienda interna por la candidatura a la presidencia.&nbsp;<\/p>\n\n\n\n<p>No s\u00e9 qu\u00e9 interpretes t\u00fa, pero lo dicho en la entrevista se pueden \u201cleer\u201d varias cosas:&nbsp;<\/p>\n\n\n\n<ul class=\"wp-block-list\"><li>Despu\u00e9s de los resultados electorales en la\u00a0CdMex, el presidente anuncia que tomar\u00e1 cartas en el asunto, y no solo califica de desatenci\u00f3n, exceso de confianza, sino posicion\u00f3 el calificativo de traici\u00f3n.\u00a0<\/li><\/ul>\n\n\n\n<ul class=\"wp-block-list\"><li>Es evidente de que la informaci\u00f3n que maneja el presidente le llev\u00f3 a asumir que la p\u00e9rdida de 7 alcald\u00edas en la Cd. Mex, se debi\u00f3, entre otras cosas a una traici\u00f3n pol\u00edtica, que por c\u00f3mo se dio el proceso interno del partido y las campa\u00f1as electorales, todos se\u00f1alaron directa e indirectamente a Ricardo Monreal.\u00a0<\/li><\/ul>\n\n\n\n<ul class=\"wp-block-list\"><li>Con el aval del presidente, en un acto pol\u00edtico, supuesta fiesta por la victoria electoral de Morena en todo el territorio nacional, los comit\u00e9s del partido de la ciudad de M\u00e9xico, de manera abrumadora, al grito de presidenta, presidenta, se\u00f1alaron a Claudia Sheinbaum, como aspirante con arraigo y fuerza dentro del Ciudad de M\u00e9xico. Acto que sirvi\u00f3, al mismo tiempo, para abuchear a Mario delgado hasta dejarlo fr\u00edo, y sin habla, en el p\u00f3dium.\u00a0<\/li><\/ul>\n\n\n\n<ul class=\"wp-block-list\"><li>Se provoca la presi\u00f3n, y los medios se desatan tras la nota, para obligar al presidente a tomar posici\u00f3n. El presidente, ni tardo ni perezoso, en la ma\u00f1era, anuncia a sus posibles sucesores. Dejando claro, que la sucesi\u00f3n no pasar\u00e1 por grillas palaciegas, y que \u00e9l dirigir\u00e1, personalmente, esa situaci\u00f3n.\u00a0<\/li><\/ul>\n\n\n\n<ul class=\"wp-block-list\"><li>Monreal, al haber sido se\u00f1alado como responsable de la derrota, sale y lanza un desaf\u00edo a la 4T. \u201cEsperare con paciencia y prudencia\u201d, \u201cser\u00e9 un candidato normal, no un aspirante ambicioso y vulgar\u201d y si Morena es un partido democr\u00e1tico, habr\u00e1 \u201cpiso parejo, equidad en la contienda interna y no discriminaci\u00f3n\u201d.\u00a0\u00a0<\/li><\/ul>\n\n\n\n<p>Vamos a ver como resuelven ese entuerto.&nbsp;<\/p>\n","protected":false},"excerpt":{"rendered":"<p>Mtro. Edgard Gonz\u00e1lez Su\u00e1rez&nbsp; La semana pasada se present\u00f3 otro round de sombra entre distintas fuerzas aliadas en el marco de lo que se denomina la 4\u00aa Transformaci\u00f3n.&nbsp; Despu\u00e9s de que Andr\u00e9s L\u00f3pez Obrador encartara a varios colaboradores suyos como aspirantes a sucederlo en la Presidencia de la Rep\u00fablica, entre quienes se destacaron, Juan Ram\u00f3n [&hellip;]<\/p>\n","protected":false},"author":26,"featured_media":3990,"comment_status":"open","ping_status":"open","sticky":false,"template":"","format":"standard","meta":{"_monsterinsights_skip_tracking":false,"_monsterinsights_sitenote_active":false,"_monsterinsights_sitenote_note":"","_monsterinsights_sitenote_category":0,"footnotes":""},"categories":[242],"tags":[702],"class_list":["post-18401","post","type-post","status-publish","format-standard","has-post-thumbnail","hentry","category-macroscopio","tag-edgard-gonzalez-suarez","wp-image-borders"],"amp_enabled":true,"_links":{"self":[{"href":"https:\/\/nvnoticias.mx\/index.php\/wp-json\/wp\/v2\/posts\/18401","targetHints":{"allow":["GET"]}}],"collection":[{"href":"https:\/\/nvnoticias.mx\/index.php\/wp-json\/wp\/v2\/posts"}],"about":[{"href":"https:\/\/nvnoticias.mx\/index.php\/wp-json\/wp\/v2\/types\/post"}],"author":[{"embeddable":true,"href":"https:\/\/nvnoticias.mx\/index.php\/wp-json\/wp\/v2\/users\/26"}],"replies":[{"embeddable":true,"href":"https:\/\/nvnoticias.mx\/index.php\/wp-json\/wp\/v2\/comments?post=18401"}],"version-history":[{"count":2,"href":"https:\/\/nvnoticias.mx\/index.php\/wp-json\/wp\/v2\/posts\/18401\/revisions"}],"predecessor-version":[{"id":18404,"href":"https:\/\/nvnoticias.mx\/index.php\/wp-json\/wp\/v2\/posts\/18401\/revisions\/18404"}],"wp:featuredmedia":[{"embeddable":true,"href":"https:\/\/nvnoticias.mx\/index.php\/wp-json\/wp\/v2\/media\/3990"}],"wp:attachment":[{"href":"https:\/\/nvnoticias.mx\/index.php\/wp-json\/wp\/v2\/media?parent=18401"}],"wp:term":[{"taxonomy":"category","embeddable":true,"href":"https:\/\/nvnoticias.mx\/index.php\/wp-json\/wp\/v2\/categories?post=18401"},{"taxonomy":"post_tag","embeddable":true,"href":"https:\/\/nvnoticias.mx\/index.php\/wp-json\/wp\/v2\/tags?post=18401"}],"curies":[{"name":"wp","href":"https:\/\/api.w.org\/{rel}","templated":true}]}}