{"id":183925,"date":"2025-05-27T11:46:12","date_gmt":"2025-05-27T17:46:12","guid":{"rendered":"https:\/\/nvnoticias.mx\/?p=183925"},"modified":"2025-05-27T11:46:14","modified_gmt":"2025-05-27T17:46:14","slug":"destaca-sheinbaum-creacion-de-unidad-especial-para-fortalecer-la-uif","status":"publish","type":"post","link":"https:\/\/nvnoticias.mx\/index.php\/2025\/05\/27\/destaca-sheinbaum-creacion-de-unidad-especial-para-fortalecer-la-uif\/","title":{"rendered":"Destaca Sheinbaum creaci\u00f3n de unidad especial para fortalecer la UIF"},"content":{"rendered":"\n<p>La presidenta Claudia Sheinbaum Pardo resalt\u00f3 que hoy se publica en el Diario Oficial de la Federaci\u00f3n el decreto por el que se crea la Direcci\u00f3n General Especializada en Organizaciones Delictivas para \u201cfortalecer\u201d el trabajo de la Unidad de Inteligencia Financiera (UIF) en el combate al lavado de dinero.<\/p>\n\n\n\n<p>El decreto presidencial establece reformas y adiciones a diversas disposiciones del reglamento interior de la Secretar\u00eda de Hacienda.<\/p>\n\n\n\n<p>En la ma\u00f1anera del pueblo, la mandataria manifest\u00f3 que se trata de una unidad especial para fortalecer \u201ctodo lo que tiene que ver con lavado de dinero; estamos fortaleciendo a la UIF\u201d.<\/p>\n\n\n\n<p>Sus alcances ser\u00edan, sostuvo, \u201ctener m\u00e1s capacidad de investigaci\u00f3n e inteligencia para investigar el lavado de dinero\u201d.<\/p>\n\n\n\n<p>Fuente: La <a href=\"https:\/\/www.jornada.com.mx\/noticia\/2025\/05\/27\/politica\/destaca-sheinbaum-creacion-de-unidad-especial-para-fortalecer-la-uif\">Jornada<\/a><\/p>\n\n\n\n<p><br><\/p>\n\n\n\n<p><\/p>\n","protected":false},"excerpt":{"rendered":"<p>La presidenta Claudia Sheinbaum Pardo resalt\u00f3 que hoy se publica en el Diario Oficial de la Federaci\u00f3n el decreto por el que se crea la Direcci\u00f3n General Especializada en Organizaciones Delictivas para \u201cfortalecer\u201d el trabajo de la Unidad de Inteligencia Financiera (UIF) en el combate al lavado de dinero. El decreto presidencial establece reformas y [&hellip;]<\/p>\n","protected":false},"author":35,"featured_media":183926,"comment_status":"open","ping_status":"open","sticky":false,"template":"","format":"standard","meta":{"_monsterinsights_skip_tracking":false,"_monsterinsights_sitenote_active":false,"_monsterinsights_sitenote_note":"","_monsterinsights_sitenote_category":0,"footnotes":""},"categories":[158],"tags":[2801,162,2118],"class_list":["post-183925","post","type-post","status-publish","format-standard","has-post-thumbnail","hentry","category-politica","tag-claudia-sheinbaum","tag-portada","tag-uif","wp-image-borders"],"amp_enabled":true,"_links":{"self":[{"href":"https:\/\/nvnoticias.mx\/index.php\/wp-json\/wp\/v2\/posts\/183925","targetHints":{"allow":["GET"]}}],"collection":[{"href":"https:\/\/nvnoticias.mx\/index.php\/wp-json\/wp\/v2\/posts"}],"about":[{"href":"https:\/\/nvnoticias.mx\/index.php\/wp-json\/wp\/v2\/types\/post"}],"author":[{"embeddable":true,"href":"https:\/\/nvnoticias.mx\/index.php\/wp-json\/wp\/v2\/users\/35"}],"replies":[{"embeddable":true,"href":"https:\/\/nvnoticias.mx\/index.php\/wp-json\/wp\/v2\/comments?post=183925"}],"version-history":[{"count":3,"href":"https:\/\/nvnoticias.mx\/index.php\/wp-json\/wp\/v2\/posts\/183925\/revisions"}],"predecessor-version":[{"id":183929,"href":"https:\/\/nvnoticias.mx\/index.php\/wp-json\/wp\/v2\/posts\/183925\/revisions\/183929"}],"wp:featuredmedia":[{"embeddable":true,"href":"https:\/\/nvnoticias.mx\/index.php\/wp-json\/wp\/v2\/media\/183926"}],"wp:attachment":[{"href":"https:\/\/nvnoticias.mx\/index.php\/wp-json\/wp\/v2\/media?parent=183925"}],"wp:term":[{"taxonomy":"category","embeddable":true,"href":"https:\/\/nvnoticias.mx\/index.php\/wp-json\/wp\/v2\/categories?post=183925"},{"taxonomy":"post_tag","embeddable":true,"href":"https:\/\/nvnoticias.mx\/index.php\/wp-json\/wp\/v2\/tags?post=183925"}],"curies":[{"name":"wp","href":"https:\/\/api.w.org\/{rel}","templated":true}]}}