{"id":183922,"date":"2025-05-27T11:42:59","date_gmt":"2025-05-27T17:42:59","guid":{"rendered":"https:\/\/nvnoticias.mx\/?p=183922"},"modified":"2025-05-27T11:43:01","modified_gmt":"2025-05-27T17:43:01","slug":"estamos-llamando-al-dialogo-la-cnte-tiene-que-tomar-la-decision-sheinbaum","status":"publish","type":"post","link":"https:\/\/nvnoticias.mx\/index.php\/2025\/05\/27\/estamos-llamando-al-dialogo-la-cnte-tiene-que-tomar-la-decision-sheinbaum\/","title":{"rendered":"\u201cEstamos llamando al di\u00e1logo\u201d, la CNTE tiene que tomar la decisi\u00f3n: Sheinbaum"},"content":{"rendered":"\n<p>Para que quede constancia de que hay voluntad de di\u00e1logo con la Coordinadora Nacional de Trabajadores de la Educaci\u00f3n, la secretaria de Gobernaci\u00f3n, Rosa Icela Rodr\u00edguez, les envi\u00f3 un oficio a los dirigentes para expresarles que la mesa de di\u00e1logo est\u00e1 dispuesta para conversar sobre sus demandas, inform\u00f3 la presidenta Claudia Sheinbaum. \u201cEstamos llamando al di\u00e1logo, ellos tienen que tomar la decisi\u00f3n de si van a dialogar o no\u201d.<\/p>\n\n\n\n<p>Durante su conferencia, la mandataria retom\u00f3 el tema del conflicto magisterial recordando que durante el \u00faltimo encuentro que tuvieron, ella plante\u00f3 una nueva reuni\u00f3n para el 8 de mayo, antes de que realizaran su paro, pero ellos ya no llegaron. La idea era llegar a acuerdos pero ellos ya no quisieron acudir a la reuni\u00f3n.<\/p>\n\n\n\n<p>Sheinbaum dijo que en este momento se considera que es pertinente una reuni\u00f3n con los secretarios de Gobernaci\u00f3n y de Educaci\u00f3n P\u00fablica. Est\u00e1 abierta la mesa de di\u00e1logo con ellos, por eso se les envi\u00f3 el oficio y ellos decidir\u00e1n si acuden.<\/p>\n\n\n\n<p>\u201cEllos dicen que no est\u00e1n en contra de la reforma al poder judicial, pero ayer fueron al Instituto Nacional Electoral, qu\u00e9 tiene que ver el INE con la demanda de revocar la reforma a la ley del Issste\u201d, a\u00f1adi\u00f3.<\/p>\n\n\n\n<p>-\u00bfEst\u00e1 prevenido el gobierno para un boicot?<\/p>\n\n\n\n<p>Esperemos que no haya. De todas maneras no va a haber represi\u00f3n. Ayer ellos anunciaron que no lo van a hacer.<\/p>\n\n\n\n<p>-\u00bfHar\u00eda un llamado a que no se estigmatice el movimiento?<\/p>\n\n\n\n<p>-Hago un llamado al di\u00e1logo a la CNTE a que tiene la oportunidad de sentarse el mi\u00e9rcoles con la SG, SEP, Issste, SHCP para avanzar. Ese es el llamado que estamos haciendo, a como lo he dicho que no tiene nada que ver la elecci\u00f3n al Poder Judicial con sus demandas<\/p>\n\n\n\n<p>-\u00bfSolicit\u00f3 a los secretarios que se aceleren los trabajos en las mesas?<\/p>\n\n\n\n<p>-Est\u00e1 abierta la mesa, todos los d\u00edas est\u00e1 abierta la mesa de di\u00e1logo.<\/p>\n\n\n\n<p>Fuente: La <a href=\"https:\/\/www.jornada.com.mx\/noticia\/2025\/05\/27\/politica\/estamos-llamando-al-dialogo-la-cnte-tiene-que-tomar-la-decision-sheinbaum\">Jornada<\/a><\/p>\n\n\n\n<p><\/p>\n\n\n\n<p><\/p>\n\n\n\n<p><\/p>\n","protected":false},"excerpt":{"rendered":"<p>Para que quede constancia de que hay voluntad de di\u00e1logo con la Coordinadora Nacional de Trabajadores de la Educaci\u00f3n, la secretaria de Gobernaci\u00f3n, Rosa Icela Rodr\u00edguez, les envi\u00f3 un oficio a los dirigentes para expresarles que la mesa de di\u00e1logo est\u00e1 dispuesta para conversar sobre sus demandas, inform\u00f3 la presidenta Claudia Sheinbaum. \u201cEstamos llamando al [&hellip;]<\/p>\n","protected":false},"author":35,"featured_media":183246,"comment_status":"open","ping_status":"open","sticky":false,"template":"","format":"standard","meta":{"_monsterinsights_skip_tracking":false,"_monsterinsights_sitenote_active":false,"_monsterinsights_sitenote_note":"","_monsterinsights_sitenote_category":0,"footnotes":""},"categories":[158],"tags":[2801,2976,162],"class_list":["post-183922","post","type-post","status-publish","format-standard","has-post-thumbnail","hentry","category-politica","tag-claudia-sheinbaum","tag-cnte","tag-portada","wp-image-borders"],"amp_enabled":true,"_links":{"self":[{"href":"https:\/\/nvnoticias.mx\/index.php\/wp-json\/wp\/v2\/posts\/183922","targetHints":{"allow":["GET"]}}],"collection":[{"href":"https:\/\/nvnoticias.mx\/index.php\/wp-json\/wp\/v2\/posts"}],"about":[{"href":"https:\/\/nvnoticias.mx\/index.php\/wp-json\/wp\/v2\/types\/post"}],"author":[{"embeddable":true,"href":"https:\/\/nvnoticias.mx\/index.php\/wp-json\/wp\/v2\/users\/35"}],"replies":[{"embeddable":true,"href":"https:\/\/nvnoticias.mx\/index.php\/wp-json\/wp\/v2\/comments?post=183922"}],"version-history":[{"count":2,"href":"https:\/\/nvnoticias.mx\/index.php\/wp-json\/wp\/v2\/posts\/183922\/revisions"}],"predecessor-version":[{"id":183924,"href":"https:\/\/nvnoticias.mx\/index.php\/wp-json\/wp\/v2\/posts\/183922\/revisions\/183924"}],"wp:featuredmedia":[{"embeddable":true,"href":"https:\/\/nvnoticias.mx\/index.php\/wp-json\/wp\/v2\/media\/183246"}],"wp:attachment":[{"href":"https:\/\/nvnoticias.mx\/index.php\/wp-json\/wp\/v2\/media?parent=183922"}],"wp:term":[{"taxonomy":"category","embeddable":true,"href":"https:\/\/nvnoticias.mx\/index.php\/wp-json\/wp\/v2\/categories?post=183922"},{"taxonomy":"post_tag","embeddable":true,"href":"https:\/\/nvnoticias.mx\/index.php\/wp-json\/wp\/v2\/tags?post=183922"}],"curies":[{"name":"wp","href":"https:\/\/api.w.org\/{rel}","templated":true}]}}