{"id":183682,"date":"2025-05-25T09:44:48","date_gmt":"2025-05-25T15:44:48","guid":{"rendered":"https:\/\/nvnoticias.mx\/?p=183682"},"modified":"2025-05-25T09:44:49","modified_gmt":"2025-05-25T15:44:49","slug":"el-error-de-claudia-tello","status":"publish","type":"post","link":"https:\/\/nvnoticias.mx\/index.php\/2025\/05\/25\/el-error-de-claudia-tello\/","title":{"rendered":"El error de Claudia Tello"},"content":{"rendered":"\n<p><\/p>\n\n\n\n<figure class=\"wp-block-pullquote\"><blockquote><p><strong>Ricardo Chua<\/strong><\/p><\/blockquote><\/figure>\n\n\n\n<p>Vaya situaci\u00f3n en la que est\u00e1 inmersa la secretar\u00eda de Educaci\u00f3n en Veracruz, Claudia Tello, y tiene al gobierno federal encima de su cargo p\u00fablico por un &#8220;error de c\u00e1lculo&#8221; que ella no midi\u00f3 y se fue de &#8220;bruces&#8221; al meterse con qui\u00e9n no deb\u00eda.. Ya que resulta que la senadora con licencia, el pasado 15 de mayo, en la celebraci\u00f3n del D\u00eda del Maestro, llevado a cabo en el &#8220;World Trade Center&#8221; de Boca del R\u00edo.. Despu\u00e9s de una soberana rechifla por parte de los maestros ah\u00ed presentes, porque no les entregaron sus medallas al m\u00e9rito.. A ella se le ocurri\u00f3 culpar del asunto al secretario de Educaci\u00f3n P\u00fablica, Mario Delgado Carrillo.. CRASO ERROR..<\/p>\n\n\n\n<p>Ah\u00ed en ese evento delante de la gobernadora Roc\u00edo Nahle y de los cientos de maestros ah\u00ed presentes.. Tello se\u00f1al\u00f3 que las medallas no llegaron al WTC, no por culpa del gobierno del Estado, sino porque Mario Delgado no las mand\u00f3 a tiempo.. Obvio que esa declaraci\u00f3n y los chismes de los abucheos llegaron a la CDMX.. Por esa situaci\u00f3n, es que en la SEP, cuenta &#8220;Garganta Profunda&#8221;, que andan muy molestos con la titular de la SEV en Veracruz, porque sin &#8220;deberla, ni temerla&#8221; se expuso la figura de Delgado Carrillo y eso no gust\u00f3 en nada en el gobierno federal.. Sobre todo que la figura del titular de la SEP fue tambi\u00e9n abucheada..<\/p>\n\n\n\n<p>Por eso, en CDMX dentro de la SEP se\u00f1alan, que si bien es cierto, en este momento, Mario Delgado anda m\u00e1s ocupado por resolver los conflictos y las manifestaciones que tiene la CNTE en la capital del pa\u00eds.. Pero que pasando estos temas y las elecciones locales en Veracruz.. Este mismo personaje pedir\u00e1 cuentas al Gobierno de Veracruz, por el actuar de la titular de la SEV.. Ya que todo ese asunto de las medallas al m\u00e9rito de los maestros, que faltaron en su celebraci\u00f3n en Veracruz, fue un ERROR de la Secretar\u00eda de Educaci\u00f3n en el Estado, no de la SEP.. Y ese tipo de afrentas en la 4T tambi\u00e9n se &#8220;cobran&#8221;.. Bien dicen que: &#8220;En esta vida, no es indio el que no se venga&#8221;..<\/p>\n\n\n\n<p>PEROTE PARA EL PRI.. Menciona &#8220;Garganta Profunda&#8221; que pese a la &#8220;Operaci\u00f3n de Estado&#8221; que est\u00e1n llevando a cabo en el municipio de Perote.. Para que esta alcald\u00eda quede en manos de MORENA y de su candidato Jorge Bonilla Merino, pues, no les est\u00e1 resultando, pese a los personajes que han llegado a &#8220;ayudar&#8221; al aspirante &#8220;Moreno&#8221;.. Que no est\u00e1 caminando con ning\u00fan actor pol\u00edtico de la regi\u00f3n en su campa\u00f1a, que le dio estructura y fuerza a MORENA.. Bonilla camina s\u00f3lo y ese fue su GRAN ERROR.. En Perote, no lo ven como suyo y con operadores que tampoco son de ah\u00ed.. Est\u00e1 provocando que todos se vayan con el candidato del PRI, Vinicio Ascencio Fern\u00e1ndez.. QUI\u00c9N LO DIR\u00cdA..<\/p>\n\n\n\n<p>Hasta hace unas semanas.. Todo apuntaba que Perote caer\u00eda a manos de MORENA.. Ya que el principal activo pol\u00edtico del PRI, que es Jos\u00e9 Francisco Yunes Zorrilla, se hab\u00eda replegado del municipio para irse a operar a Xalapa con su equipo a la campa\u00f1a de Silvio Lagos Galindo.. Pero los errores de exclusi\u00f3n en la campa\u00f1a de los Morenos con sus actores pol\u00edticos locales, que la operaci\u00f3n est\u00e9 manejada por extra\u00f1os y que los que llegan a &#8220;ayudar&#8221; s\u00f3lo le llevan m\u00e1s &#8220;compromisos&#8221; a Bonilla, lo que provocar\u00e1 que quede supeditado a &#8220;pagar&#8221; todos esos &#8220;favores&#8221; pol\u00edticos, si gana la alcald\u00eda.. Es lo que ha provocado la ca\u00edda de este partido..<\/p>\n\n\n\n<p>Los mismos sondeos de MORENA ahora se\u00f1alan, que el candidato del PRI, Vinicio Ascencio lleva 4 puntos de ventaja a Jorge Bonilla.. Lo cual deja la elecci\u00f3n en EMPATE T\u00c9CNICO pero con la diferencia que Ascencio conoce bien el municipio y sus operadores tambi\u00e9n.. Y los operadores de Bonilla son &#8220;fuere\u00f1os&#8221; y los que son de ah\u00ed, est\u00e1n excluidos.. As\u00ed no se puede.. El senador Manuel Huerta, el operador de MORENA en el distrito en 2024, fue &#8220;echado&#8221; del municipio por los operadores de Jorge Bonilla.. Y sin Huerta no tienen la operaci\u00f3n pol\u00edtica debida, esto beneficia al &#8220;\u00b4T\u00edo Vini&#8221;.. Y OJO al priista lo est\u00e1n apoyando poderosos amigos de Pepe Yunes.. Perote ser\u00e1 de nuevo tricolor.. AMEN..<\/p>\n\n\n\n<p>XALAPA NADA PARA NADIE.. A pesar de que la 4T est\u00e1 se\u00f1alando en publicaciones de sus redes sociales y medios de comunicaci\u00f3n que la candidata de MORENA, Daniela Griego lleva alrededor de 20 puntos de ventaja sobre sus m\u00e1s cercanos competidores.. &#8220;Garganta Profunda&#8221; averigu\u00f3 que al interior de ese partido y los operadores del gobierno del Estado, se\u00f1alan que esos n\u00fameros no cuadran con lo que se est\u00e1 viendo en la calle y la respuesta social a la contienda de la aspirante morenista en Xalapa.. Ya que mencionan que si bien le va a Griego s\u00f3lo est\u00e1 a 2 o 3 puntos de ventaja sobre Silvio Lagos, del PRI y uno o dos puntos m\u00e1s sobre Rom\u00e1n Moreno de Movimiento Ciudadano..<\/p>\n\n\n\n<p>No hay m\u00e1s, entre ellos 3 est\u00e1n el pr\u00f3ximo alcalde de Xalapa.. Pero que MORENA no trae los n\u00fameros que presume.. La elecci\u00f3n en la capital por la presidencia municipal en este momento est\u00e1 en EMPATE T\u00c9CNICO.. Quedando descartadas Maribel Ram\u00edrez, por el PAN y Yolanda Hern\u00e1ndez por el PT.. Todo este panorama electoral que se viene presentando desde abril a la fecha.. Tiene m\u00e1s que preocupado a Palacio de Gobierno.. De que con Silvio o Rom\u00e1n se le pueda presentar en la capital un caso como el de Rafael Hern\u00e1ndez Villalpando, en 1997.. Reynaldo Escobar, en el 2000.. Hip\u00f3lito Rodr\u00edguez, en 2017.. El voto de Xalapa es y ha sido &#8220;antisistema&#8221;.. Votan de manera inteligente..<\/p>\n\n\n\n<p>De por s\u00ed en MORENA saben bien.. Que todo el voto del magisterio en Xalapa lo traen en contra.. Lo mismo con el voto de la burocracia, que no est\u00e1 muy contenta con este gobierno estatal.. Si a eso se le suma, que su principal activo pol\u00edtico que es Ricardo Ahued, es secretario de Gobierno, pues, el voto de los morenos m\u00e1s se pierde.. Sobre todo porque pareciera que Ahued trae una &#8220;maldici\u00f3n&#8221; en Xalapa.. Si \u00e9l no va de candidato, no ganan.. No transfiere sus votos, ni su capital pol\u00edtico.. Vean como Roc\u00edo Nahle en 2024 perdi\u00f3 la elecci\u00f3n en la capital.. Y si a eso le suman el crecimiento de Silvio Lagos y Rom\u00e1n Moreno, la cosa se le pone m\u00e1s dif\u00edcil..<\/p>\n\n\n\n<p>El caso del crecimiento de Silvio Lagos en las \u00faltimas semanas, es m\u00e1s que evidente.. Si bien es cierto el PRI est\u00e1 desahuciado como partido , la gente va por el candidato, misma situaci\u00f3n que le pas\u00f3 a Pepe Yunes en 2024.. Creci\u00f3 y la estructura de Pepe que gan\u00f3 el a\u00f1o pasado Xalapa est\u00e1 trabajando con Lagos Galindo, eso le da el &#8220;plus&#8221; al priista, que tiene la elecci\u00f3n en EMPATE T\u00c9CNICO.. Y &#8220;caballo que alcanza gana&#8221;.. Mientras Rom\u00e1n Moreno est\u00e1 quit\u00e1ndole votos a MORENA y al PVEM.. Con la tendencia de crecimiento electoral que tiene MC en esta elecci\u00f3n.. Tambi\u00e9n le puede dar una sorpresa a Daniela Griego.. Por lo pronto, la moneda est\u00e1 en el aire.. Y ahora nadie puede decir que Xalapa es suyo.. El voto es impredecible.. EL QUE ENTENDI\u00d3, LO ENTENDI\u00d3..<\/p>\n","protected":false},"excerpt":{"rendered":"<p>Ricardo Chua Vaya situaci\u00f3n en la que est\u00e1 inmersa la secretar\u00eda de Educaci\u00f3n en Veracruz, Claudia Tello, y tiene al gobierno federal encima de su cargo p\u00fablico por un &#8220;error de c\u00e1lculo&#8221; que ella no midi\u00f3 y se fue de &#8220;bruces&#8221; al meterse con qui\u00e9n no deb\u00eda.. Ya que resulta que la senadora con licencia, [&hellip;]<\/p>\n","protected":false},"author":29,"featured_media":183683,"comment_status":"open","ping_status":"open","sticky":false,"template":"","format":"standard","meta":{"_monsterinsights_skip_tracking":false,"_monsterinsights_sitenote_active":false,"_monsterinsights_sitenote_note":"","_monsterinsights_sitenote_category":0,"footnotes":""},"categories":[245],"tags":[327],"class_list":["post-183682","post","type-post","status-publish","format-standard","has-post-thumbnail","hentry","category-dialogos-de-poder","tag-ricardo-chua","wp-image-borders"],"amp_enabled":true,"_links":{"self":[{"href":"https:\/\/nvnoticias.mx\/index.php\/wp-json\/wp\/v2\/posts\/183682","targetHints":{"allow":["GET"]}}],"collection":[{"href":"https:\/\/nvnoticias.mx\/index.php\/wp-json\/wp\/v2\/posts"}],"about":[{"href":"https:\/\/nvnoticias.mx\/index.php\/wp-json\/wp\/v2\/types\/post"}],"author":[{"embeddable":true,"href":"https:\/\/nvnoticias.mx\/index.php\/wp-json\/wp\/v2\/users\/29"}],"replies":[{"embeddable":true,"href":"https:\/\/nvnoticias.mx\/index.php\/wp-json\/wp\/v2\/comments?post=183682"}],"version-history":[{"count":1,"href":"https:\/\/nvnoticias.mx\/index.php\/wp-json\/wp\/v2\/posts\/183682\/revisions"}],"predecessor-version":[{"id":183684,"href":"https:\/\/nvnoticias.mx\/index.php\/wp-json\/wp\/v2\/posts\/183682\/revisions\/183684"}],"wp:featuredmedia":[{"embeddable":true,"href":"https:\/\/nvnoticias.mx\/index.php\/wp-json\/wp\/v2\/media\/183683"}],"wp:attachment":[{"href":"https:\/\/nvnoticias.mx\/index.php\/wp-json\/wp\/v2\/media?parent=183682"}],"wp:term":[{"taxonomy":"category","embeddable":true,"href":"https:\/\/nvnoticias.mx\/index.php\/wp-json\/wp\/v2\/categories?post=183682"},{"taxonomy":"post_tag","embeddable":true,"href":"https:\/\/nvnoticias.mx\/index.php\/wp-json\/wp\/v2\/tags?post=183682"}],"curies":[{"name":"wp","href":"https:\/\/api.w.org\/{rel}","templated":true}]}}