{"id":183622,"date":"2025-05-24T10:33:24","date_gmt":"2025-05-24T16:33:24","guid":{"rendered":"https:\/\/nvnoticias.mx\/?p=183622"},"modified":"2025-05-24T10:33:26","modified_gmt":"2025-05-24T16:33:26","slug":"descarta-claudia-sheinbaum-reunirse-con-integrantes-de-la-cnte","status":"publish","type":"post","link":"https:\/\/nvnoticias.mx\/index.php\/2025\/05\/24\/descarta-claudia-sheinbaum-reunirse-con-integrantes-de-la-cnte\/","title":{"rendered":"Descarta Claudia Sheinbaum\u00a0reunirse con integrantes de la CNTE"},"content":{"rendered":"\n<p><\/p>\n\n\n\n<p>La presidenta Claudia Sheinbaum&nbsp;descart\u00f3 reunirse con integrantes de la Coordinadora Nacional de Trabajadores de la Educaci\u00f3n (CNTE), como se ten\u00eda previsto que ocurriera ayer por la tarde,&nbsp;y remiti\u00f3 el asunto a los secretarios de Gobernaci\u00f3n, Rosa Icela Rodr\u00edguez, y de Educaci\u00f3n P\u00fablica, Mario Delgado.&nbsp;<\/p>\n\n\n\n<p>La reacci\u00f3n\u00a0de la Presidenta ocurre luego de que el mi\u00e9rcoles la Coordinadora impidi\u00f3 la entrada de funcionarios y reporteros a la conferencia ma\u00f1anera y previo al bloqueo del Aeropuerto Internacional de CdMx\u00a0(AICM).\u00a0<\/p>\n\n\n\n<p>Desde Palacio Nacional, Sheinbaum reproch\u00f3 las agresiones de los docentes a comunicadores afuera&nbsp;del recinto presidencial, as\u00ed como las afectaciones ocasionadas a los ciudadanos con los bloqueos a vialidades y el plant\u00f3n en las inmediaciones del Z\u00f3calo.<\/p>\n\n\n\n<p>\u201cEst\u00e1 abierta la mesa con la secretaria&nbsp;de Gobernaci\u00f3n y el titular&nbsp;de Educaci\u00f3n. Con ellos\u201d, dijo.&nbsp;<\/p>\n\n\n\n<p>\u2014\u00bfSe descarta la mesa en Palacio?\u2014, se&nbsp;le insisti\u00f3.<\/p>\n\n\n\n<p>\u2014Conmigo s\u00ed\u2014, respondi\u00f3.<\/p>\n\n\n\n<p>Explic\u00f3 que la reuni\u00f3n estaba agendada desde hace d\u00edas y que los docentes \u201cno tendr\u00edan por qu\u00e9 haber golpeado a reporteros, afectado como lo hicieron a muchos habitantes de la ciudad\u201d.<\/p>\n\n\n\n<p>Reclam\u00f3 que pese a la oferta permanente de di\u00e1logo con el gobierno federal e incluso con ella en persona, las protestas del magisterio contin\u00faan.&nbsp;<\/p>\n\n\n\n<p>&nbsp;\u201c\u00bfPara qu\u00e9 hacen todo eso si ellos ya sab\u00edan que se&nbsp;iban&nbsp;a reunir conmigo el viernes (ayer)? Hay cosas que no est\u00e1n bien\u201d.&nbsp;<\/p>\n\n\n\n<p>Aunque sostuvo que el \u201cdi\u00e1logo est\u00e1 abierto al nivel m\u00e1s alto\u201d, dijo que ahora ser\u00e1 con los titulares de Gobernaci\u00f3n&nbsp;y de la SEP, pues \u201cen estas condiciones, \u00bfpara qu\u00e9 se re\u00fanen conmigo? Conf\u00edo plenamente en los secretarios\u201d.<\/p>\n\n\n\n<p>La mandataria insisti\u00f3 en que est\u00e1 a favor de la\u00a0manifestaci\u00f3n pac\u00edfica y que el presupuesto del gobierno \u201cno puede soportar un aumento (salarial) de ciento por ciento a los maestros\u201d, como demanda la CNTE.\u00a0<\/p>\n\n\n\n<p>Fuente: <a href=\"https:\/\/www.milenio.com\/politica\/sheinbaum-ya-no-recibira-a-la-cnte\">Milenio<\/a><\/p>\n","protected":false},"excerpt":{"rendered":"<p>La presidenta Claudia Sheinbaum&nbsp;descart\u00f3 reunirse con integrantes de la Coordinadora Nacional de Trabajadores de la Educaci\u00f3n (CNTE), como se ten\u00eda previsto que ocurriera ayer por la tarde,&nbsp;y remiti\u00f3 el asunto a los secretarios de Gobernaci\u00f3n, Rosa Icela Rodr\u00edguez, y de Educaci\u00f3n P\u00fablica, Mario Delgado.&nbsp; La reacci\u00f3n\u00a0de la Presidenta ocurre luego de que el mi\u00e9rcoles la [&hellip;]<\/p>\n","protected":false},"author":6,"featured_media":144742,"comment_status":"open","ping_status":"open","sticky":false,"template":"","format":"standard","meta":{"_monsterinsights_skip_tracking":false,"_monsterinsights_sitenote_active":false,"_monsterinsights_sitenote_note":"","_monsterinsights_sitenote_category":0,"footnotes":""},"categories":[157],"tags":[2801,2976,162],"class_list":["post-183622","post","type-post","status-publish","format-standard","has-post-thumbnail","hentry","category-nacional","tag-claudia-sheinbaum","tag-cnte","tag-portada","wp-image-borders"],"amp_enabled":true,"_links":{"self":[{"href":"https:\/\/nvnoticias.mx\/index.php\/wp-json\/wp\/v2\/posts\/183622","targetHints":{"allow":["GET"]}}],"collection":[{"href":"https:\/\/nvnoticias.mx\/index.php\/wp-json\/wp\/v2\/posts"}],"about":[{"href":"https:\/\/nvnoticias.mx\/index.php\/wp-json\/wp\/v2\/types\/post"}],"author":[{"embeddable":true,"href":"https:\/\/nvnoticias.mx\/index.php\/wp-json\/wp\/v2\/users\/6"}],"replies":[{"embeddable":true,"href":"https:\/\/nvnoticias.mx\/index.php\/wp-json\/wp\/v2\/comments?post=183622"}],"version-history":[{"count":1,"href":"https:\/\/nvnoticias.mx\/index.php\/wp-json\/wp\/v2\/posts\/183622\/revisions"}],"predecessor-version":[{"id":183623,"href":"https:\/\/nvnoticias.mx\/index.php\/wp-json\/wp\/v2\/posts\/183622\/revisions\/183623"}],"wp:featuredmedia":[{"embeddable":true,"href":"https:\/\/nvnoticias.mx\/index.php\/wp-json\/wp\/v2\/media\/144742"}],"wp:attachment":[{"href":"https:\/\/nvnoticias.mx\/index.php\/wp-json\/wp\/v2\/media?parent=183622"}],"wp:term":[{"taxonomy":"category","embeddable":true,"href":"https:\/\/nvnoticias.mx\/index.php\/wp-json\/wp\/v2\/categories?post=183622"},{"taxonomy":"post_tag","embeddable":true,"href":"https:\/\/nvnoticias.mx\/index.php\/wp-json\/wp\/v2\/tags?post=183622"}],"curies":[{"name":"wp","href":"https:\/\/api.w.org\/{rel}","templated":true}]}}