{"id":183565,"date":"2025-05-23T13:27:57","date_gmt":"2025-05-23T19:27:57","guid":{"rendered":"https:\/\/nvnoticias.mx\/?p=183565"},"modified":"2025-05-23T13:27:58","modified_gmt":"2025-05-23T19:27:58","slug":"mesa-con-la-cnte-permanentemente-abierta-conmigo-rosa-icela-rodriguez","status":"publish","type":"post","link":"https:\/\/nvnoticias.mx\/index.php\/2025\/05\/23\/mesa-con-la-cnte-permanentemente-abierta-conmigo-rosa-icela-rodriguez\/","title":{"rendered":"Mesa con la CNTE, permanentemente abierta conmigo: Rosa Icela Rodr\u00edguez"},"content":{"rendered":"\n<p>Luego de que la presidenta Claudia Sheinbaum Pardo descart\u00f3 reunirse hoy con la Coordinadora Nacional de Trabajadores de la Educaci\u00f3n (CNTE), la secretaria de Gobernaci\u00f3n, Rosa Icela Rodr\u00edguez, asegur\u00f3 que \u201cla mesa est\u00e1 abierta permanentemente conmigo\u201d.<\/p>\n\n\n\n<p>&nbsp;Descart\u00f3 que haya cita para hoy, pero saliendo de Palacio \u201cestar\u00e9 ah\u00ed todo el d\u00eda (en Gobernaci\u00f3n)\u2026. Estoy en la mejor disposici\u00f3n\u201d.<\/p>\n\n\n\n<p>-\u00bfHay hora para hoy ?<\/p>\n\n\n\n<p>-Conmigo est\u00e1 abierta permanentemente.<\/p>\n\n\n\n<p>-\u00bfPara hoy, hay cita?<\/p>\n\n\n\n<p>-No me han dicho, pero est\u00e1 abierta.<\/p>\n\n\n\n<p>-\u00bfUsted los puede esperar?<\/p>\n\n\n\n<p>-Saliendo de aqu\u00ed voy a la oficina. Estoy ah\u00ed todo el d\u00eda. Estoy en la mejor disposici\u00f3n.<\/p>\n\n\n\n<p>La secretaria de Gobernaci\u00f3n fue entrevistada afuera de Palacio Nacional; se le pregunt\u00f3 si har\u00eda un llamado a la CNTE a no cerrar el aeropuerto. &#8220;Es una respuesta larga y ya llevo prisa\u201d.<br>A Palacio Nacional arriban tambi\u00e9n gobernadores morenistas que forman parte del IMSS Bienestar para una evaluaci\u00f3n con la presidenta Claudia Sheinbaum Pardo.<\/p>\n\n\n\n<p>Llegaron, entre otros, los mandatarios de Baja California, Campeche, Estado de M\u00e9xico, Guerrero, Tlaxcala, Zacatecas, Baja California Sur, Chiapas.<\/p>\n\n\n\n<p>Fuente: La <a href=\"https:\/\/www.jornada.com.mx\/noticia\/2025\/05\/23\/politica\/mesa-con-la-cnte-permanentemente-abierta-conmigo-rosa-icela-rodriguez\">Jornada<\/a><\/p>\n\n\n\n<p><\/p>\n\n\n\n<p><\/p>\n","protected":false},"excerpt":{"rendered":"<p>Luego de que la presidenta Claudia Sheinbaum Pardo descart\u00f3 reunirse hoy con la Coordinadora Nacional de Trabajadores de la Educaci\u00f3n (CNTE), la secretaria de Gobernaci\u00f3n, Rosa Icela Rodr\u00edguez, asegur\u00f3 que \u201cla mesa est\u00e1 abierta permanentemente conmigo\u201d. &nbsp;Descart\u00f3 que haya cita para hoy, pero saliendo de Palacio \u201cestar\u00e9 ah\u00ed todo el d\u00eda (en Gobernaci\u00f3n)\u2026. Estoy en [&hellip;]<\/p>\n","protected":false},"author":35,"featured_media":183570,"comment_status":"open","ping_status":"open","sticky":false,"template":"","format":"standard","meta":{"_monsterinsights_skip_tracking":false,"_monsterinsights_sitenote_active":false,"_monsterinsights_sitenote_note":"","_monsterinsights_sitenote_category":0,"footnotes":""},"categories":[158],"tags":[2976,12610],"class_list":["post-183565","post","type-post","status-publish","format-standard","has-post-thumbnail","hentry","category-politica","tag-cnte","tag-rosa-icela-rodriguez","wp-image-borders"],"amp_enabled":true,"_links":{"self":[{"href":"https:\/\/nvnoticias.mx\/index.php\/wp-json\/wp\/v2\/posts\/183565","targetHints":{"allow":["GET"]}}],"collection":[{"href":"https:\/\/nvnoticias.mx\/index.php\/wp-json\/wp\/v2\/posts"}],"about":[{"href":"https:\/\/nvnoticias.mx\/index.php\/wp-json\/wp\/v2\/types\/post"}],"author":[{"embeddable":true,"href":"https:\/\/nvnoticias.mx\/index.php\/wp-json\/wp\/v2\/users\/35"}],"replies":[{"embeddable":true,"href":"https:\/\/nvnoticias.mx\/index.php\/wp-json\/wp\/v2\/comments?post=183565"}],"version-history":[{"count":4,"href":"https:\/\/nvnoticias.mx\/index.php\/wp-json\/wp\/v2\/posts\/183565\/revisions"}],"predecessor-version":[{"id":183571,"href":"https:\/\/nvnoticias.mx\/index.php\/wp-json\/wp\/v2\/posts\/183565\/revisions\/183571"}],"wp:featuredmedia":[{"embeddable":true,"href":"https:\/\/nvnoticias.mx\/index.php\/wp-json\/wp\/v2\/media\/183570"}],"wp:attachment":[{"href":"https:\/\/nvnoticias.mx\/index.php\/wp-json\/wp\/v2\/media?parent=183565"}],"wp:term":[{"taxonomy":"category","embeddable":true,"href":"https:\/\/nvnoticias.mx\/index.php\/wp-json\/wp\/v2\/categories?post=183565"},{"taxonomy":"post_tag","embeddable":true,"href":"https:\/\/nvnoticias.mx\/index.php\/wp-json\/wp\/v2\/tags?post=183565"}],"curies":[{"name":"wp","href":"https:\/\/api.w.org\/{rel}","templated":true}]}}