{"id":18348,"date":"2021-07-11T13:36:47","date_gmt":"2021-07-11T18:36:47","guid":{"rendered":"https:\/\/nvnoticias.mx\/?p=18348"},"modified":"2021-07-11T13:36:47","modified_gmt":"2021-07-11T18:36:47","slug":"por-falta-de-chequeos-mujeres-identifican-el-cancer-en-etapa-tardia","status":"publish","type":"post","link":"https:\/\/nvnoticias.mx\/index.php\/2021\/07\/11\/por-falta-de-chequeos-mujeres-identifican-el-cancer-en-etapa-tardia\/","title":{"rendered":"Por falta de chequeos mujeres identifican el c\u00e1ncer en etapa tard\u00eda"},"content":{"rendered":"\n<p><strong>Jes\u00fas Utrilla \/ NV Noticias<\/strong><\/p>\n\n\n\n<p>Debido a la pandemia y al temor de contagiarse de coronavirus, las mujeres no acudieron a su chequeo peri\u00f3dico y no detectaron a tiempo el c\u00e1ncer.<\/p>\n\n\n\n<p>Beatriz Cruz Sol\u00f3rzano, presidenta de la agrupaci\u00f3n Mujeres Activas contra el C\u00e1ncer de Mama, admiti\u00f3 que varias identificaron este a\u00f1o que tienen la enfermedad pero ya en una etapa tard\u00eda.<\/p>\n\n\n\n<p>Llam\u00f3 a las f\u00e9minas a no abandonar sus revisiones m\u00e9dicas y acudir a su unidad de medicina familiar con los cuidados sanitarios pertinentes, pues el c\u00e1ncer es curable si se detecta a tiempo.<\/p>\n\n\n\n<p>Agreg\u00f3 que tan solo en abril se reportaron dos fallecimientos por lo que es necesario que las veracruzanas se revisen y acudan al m\u00e9dico en caso de cualquier s\u00edntoma.<\/p>\n\n\n\n<p>\u201cHay muchos casos de detecci\u00f3n tard\u00eda. A inicios de a\u00f1o yo coment\u00e9 que esto iba a repercutir porque las mujeres por miedo no acuden a hacerse su mastograf\u00eda, no acuden a efectuarse su ultrasonido de mama y muchas veces ya con un bulto o dolor en el seno es que llegan al m\u00e9dico\u201d.<\/p>\n\n\n\n<p>La agrupaci\u00f3n Mujeres Activas contra el C\u00e1ncer de Mama apoya actualmente a 40 pacientes con estudios de tomograf\u00eda, tratamiento, medicamentos, apoyo psicol\u00f3gico, biopsias, consultas, entre otros.<\/p>\n\n\n\n<p>Durante todo el a\u00f1o dona estudios de laboratorio y estudios oncol\u00f3gicos.<\/p>\n\n\n\n<p>Muchas personas tienen un diagn\u00f3stico pero tienen dudas y por ello Muac las apoya con un onc\u00f3logo quien les otorga un segundo diagn\u00f3stico.<\/p>\n","protected":false},"excerpt":{"rendered":"<p>Jes\u00fas Utrilla \/ NV Noticias Debido a la pandemia y al temor de contagiarse de coronavirus, las mujeres no acudieron a su chequeo peri\u00f3dico y no detectaron a tiempo el c\u00e1ncer. Beatriz Cruz Sol\u00f3rzano, presidenta de la agrupaci\u00f3n Mujeres Activas contra el C\u00e1ncer de Mama, admiti\u00f3 que varias identificaron este a\u00f1o que tienen la enfermedad [&hellip;]<\/p>\n","protected":false},"author":7,"featured_media":6193,"comment_status":"open","ping_status":"open","sticky":false,"template":"","format":"standard","meta":{"_monsterinsights_skip_tracking":false,"_monsterinsights_sitenote_active":false,"_monsterinsights_sitenote_note":"","_monsterinsights_sitenote_category":0,"footnotes":""},"categories":[154],"tags":[4971,4972,4973,573],"class_list":["post-18348","post","type-post","status-publish","format-standard","has-post-thumbnail","hentry","category-veracruz","tag-cancer-de-mama","tag-chequeos","tag-diagnosticos","tag-mujeres","wp-image-borders"],"amp_enabled":true,"_links":{"self":[{"href":"https:\/\/nvnoticias.mx\/index.php\/wp-json\/wp\/v2\/posts\/18348","targetHints":{"allow":["GET"]}}],"collection":[{"href":"https:\/\/nvnoticias.mx\/index.php\/wp-json\/wp\/v2\/posts"}],"about":[{"href":"https:\/\/nvnoticias.mx\/index.php\/wp-json\/wp\/v2\/types\/post"}],"author":[{"embeddable":true,"href":"https:\/\/nvnoticias.mx\/index.php\/wp-json\/wp\/v2\/users\/7"}],"replies":[{"embeddable":true,"href":"https:\/\/nvnoticias.mx\/index.php\/wp-json\/wp\/v2\/comments?post=18348"}],"version-history":[{"count":1,"href":"https:\/\/nvnoticias.mx\/index.php\/wp-json\/wp\/v2\/posts\/18348\/revisions"}],"predecessor-version":[{"id":18349,"href":"https:\/\/nvnoticias.mx\/index.php\/wp-json\/wp\/v2\/posts\/18348\/revisions\/18349"}],"wp:featuredmedia":[{"embeddable":true,"href":"https:\/\/nvnoticias.mx\/index.php\/wp-json\/wp\/v2\/media\/6193"}],"wp:attachment":[{"href":"https:\/\/nvnoticias.mx\/index.php\/wp-json\/wp\/v2\/media?parent=18348"}],"wp:term":[{"taxonomy":"category","embeddable":true,"href":"https:\/\/nvnoticias.mx\/index.php\/wp-json\/wp\/v2\/categories?post=18348"},{"taxonomy":"post_tag","embeddable":true,"href":"https:\/\/nvnoticias.mx\/index.php\/wp-json\/wp\/v2\/tags?post=18348"}],"curies":[{"name":"wp","href":"https:\/\/api.w.org\/{rel}","templated":true}]}}