{"id":183396,"date":"2025-05-22T11:16:13","date_gmt":"2025-05-22T17:16:13","guid":{"rendered":"https:\/\/nvnoticias.mx\/?p=183396"},"modified":"2025-05-22T11:16:15","modified_gmt":"2025-05-22T17:16:15","slug":"sheinbaum-insiste-en-no-especular-sobre-asesinato-de-colaboradores-de-brugada","status":"publish","type":"post","link":"https:\/\/nvnoticias.mx\/index.php\/2025\/05\/22\/sheinbaum-insiste-en-no-especular-sobre-asesinato-de-colaboradores-de-brugada\/","title":{"rendered":"Sheinbaum insiste en no especular sobre asesinato de colaboradores de Brugada\u00a0"},"content":{"rendered":"\n<p>\u201cA todos, incluido a Marco Rubio, secretario del Departamento de Estado (de Estados Unidos)\u201d les pedimos \u201cno adelantar, se tienen que hacer las investigaciones para saber cu\u00e1l es la causa, el motivo del lamentable y tr\u00e1gico homicidio\u201d de dos colaboradores de Clara Brugada, jefa de Gobierno de la Ciudad de M\u00e9xico, pidi\u00f3 la presidenta Claudia Sheinbaum Pardo.<\/p>\n\n\n\n<p>Rubio mencion\u00f3 que en M\u00e9xico es real la violencia pol\u00edtica y ofreci\u00f3 la colaboraci\u00f3n de su gobierno en las investigaciones. La mandataria le pidi\u00f3 \u201cno adelantar\u201d.<\/p>\n\n\n\n<p>Dijo: \u201cno se puede hacer ninguna especulaci\u00f3n hasta que no haya todas las investigaciones\u201d.<\/p>\n\n\n\n<p>A pregunta expresa, la mandataria rechaz\u00f3 que el tema lo hubiera abordado con el presidente Donald Trump en la llamada que hoy tuvieron.<\/p>\n\n\n\n<p>Descart\u00f3 fortalecer la seguridad para funcionarios y para ella misma en actos p\u00fablicos. \u201cNo tenemos pensado\u201d, sostuvo.<\/p>\n\n\n\n<p>La mandataria consider\u00f3 muy importante que Rubio reconozca que los c\u00e1rteles mexicanos operan con armas fabricadas en Estados Unidos.<\/p>\n\n\n\n<p>\u201cLa administraci\u00f3n Trump es quiz\u00e1 la primera que reconoce que en efecto hay tr\u00e1fico de armas de Estados Unidos a M\u00e9xico, y que quieren combatirlo\u201d.<\/p>\n\n\n\n<p>Fuente: La <a href=\"https:\/\/www.jornada.com.mx\/noticia\/2025\/05\/22\/politica\/sheinbaum-pide-no-especular-sobre-asesinato-de-colaboradores-de-brugada\">Jornada<\/a> <\/p>\n\n\n\n<p><\/p>\n\n\n\n<p><\/p>\n","protected":false},"excerpt":{"rendered":"<p>\u201cA todos, incluido a Marco Rubio, secretario del Departamento de Estado (de Estados Unidos)\u201d les pedimos \u201cno adelantar, se tienen que hacer las investigaciones para saber cu\u00e1l es la causa, el motivo del lamentable y tr\u00e1gico homicidio\u201d de dos colaboradores de Clara Brugada, jefa de Gobierno de la Ciudad de M\u00e9xico, pidi\u00f3 la presidenta Claudia [&hellip;]<\/p>\n","protected":false},"author":35,"featured_media":183397,"comment_status":"open","ping_status":"open","sticky":false,"template":"","format":"standard","meta":{"_monsterinsights_skip_tracking":false,"_monsterinsights_sitenote_active":false,"_monsterinsights_sitenote_note":"","_monsterinsights_sitenote_category":0,"footnotes":""},"categories":[158],"tags":[20034,2801],"class_list":["post-183396","post","type-post","status-publish","format-standard","has-post-thumbnail","hentry","category-politica","tag-clara-brugada","tag-claudia-sheinbaum","wp-image-borders"],"amp_enabled":true,"_links":{"self":[{"href":"https:\/\/nvnoticias.mx\/index.php\/wp-json\/wp\/v2\/posts\/183396","targetHints":{"allow":["GET"]}}],"collection":[{"href":"https:\/\/nvnoticias.mx\/index.php\/wp-json\/wp\/v2\/posts"}],"about":[{"href":"https:\/\/nvnoticias.mx\/index.php\/wp-json\/wp\/v2\/types\/post"}],"author":[{"embeddable":true,"href":"https:\/\/nvnoticias.mx\/index.php\/wp-json\/wp\/v2\/users\/35"}],"replies":[{"embeddable":true,"href":"https:\/\/nvnoticias.mx\/index.php\/wp-json\/wp\/v2\/comments?post=183396"}],"version-history":[{"count":3,"href":"https:\/\/nvnoticias.mx\/index.php\/wp-json\/wp\/v2\/posts\/183396\/revisions"}],"predecessor-version":[{"id":183400,"href":"https:\/\/nvnoticias.mx\/index.php\/wp-json\/wp\/v2\/posts\/183396\/revisions\/183400"}],"wp:featuredmedia":[{"embeddable":true,"href":"https:\/\/nvnoticias.mx\/index.php\/wp-json\/wp\/v2\/media\/183397"}],"wp:attachment":[{"href":"https:\/\/nvnoticias.mx\/index.php\/wp-json\/wp\/v2\/media?parent=183396"}],"wp:term":[{"taxonomy":"category","embeddable":true,"href":"https:\/\/nvnoticias.mx\/index.php\/wp-json\/wp\/v2\/categories?post=183396"},{"taxonomy":"post_tag","embeddable":true,"href":"https:\/\/nvnoticias.mx\/index.php\/wp-json\/wp\/v2\/tags?post=183396"}],"curies":[{"name":"wp","href":"https:\/\/api.w.org\/{rel}","templated":true}]}}