{"id":183251,"date":"2025-05-21T10:15:15","date_gmt":"2025-05-21T16:15:15","guid":{"rendered":"https:\/\/nvnoticias.mx\/?p=183251"},"modified":"2025-05-21T10:15:17","modified_gmt":"2025-05-21T16:15:17","slug":"sheinbaum-llama-a-actuar-con-responsabilidad-ante-asesinato-de-funcionarios-capitalinos","status":"publish","type":"post","link":"https:\/\/nvnoticias.mx\/index.php\/2025\/05\/21\/sheinbaum-llama-a-actuar-con-responsabilidad-ante-asesinato-de-funcionarios-capitalinos\/","title":{"rendered":"Sheinbaum llama a actuar con responsabilidad ante asesinato de funcionarios capitalinos"},"content":{"rendered":"\n<p>La presidenta Claudia Sheinbaum Pardo exhort\u00f3 este mi\u00e9rcoles a no caer en especulaciones sobre el asesinato de Ximena Guzm\u00e1n Cuevas y Jos\u00e9 Mu\u00f1oz Vega, secretaria particular y asesor principal de la jefa de Gobierno de la Ciudad de M\u00e9xico, Clara Brugada.<\/p>\n\n\n\n<p>En su conferencia de prensa de Palacio Nacional, que se realiza de forma virtual, la mandataria envi\u00f3 su m\u00e1s sentido p\u00e9same a los familiares y amigos de las v\u00edctimas, al tiempo que hizo un llamado en\u00e9rgico a periodistas, comentaristas, opositores y a la ciudadan\u00eda en general a actuar con responsabilidad frente a los hechos.<\/p>\n\n\n\n<p>Afirm\u00f3 que \u201cel gobierno de M\u00e9xico siempre va a ser responsable en las investigaciones. Eso es lo primero que debe haber: una investigaci\u00f3n seria para detener a los culpables de este lamentable y doloroso acontecimiento\u201d, declar\u00f3 la mandataria.<\/p>\n\n\n\n<p>Sheinbaum asegur\u00f3 que su gobierno est\u00e1 brindando apoyo total al gobierno de la Ciudad de M\u00e9xico para el esclarecimiento del caso, y reiter\u00f3 que hasta no contar con los resultados de la investigaci\u00f3n, no se puede avanzar en conclusiones.<\/p>\n\n\n\n<p>\u201cNo se puede especular sobre lo acontecido. Debe haber responsabilidad respecto a lo que se dice\u201d, subray\u00f3.<\/p>\n\n\n\n<p>La Fiscal\u00eda General de Justicia de la Ciudad de M\u00e9xico est\u00e1 al frente del caso, mientras que el Gabinete de Seguridad del gobierno federal trabaja de manera coordinada para ofrecer todo el respaldo necesario en la investigaci\u00f3n, agreg\u00f3.<\/p>\n\n\n\n<p>Sheinbaum Pardo insisti\u00f3 en la importancia de llevar ante la justicia tanto a los autores materiales como a los intelectuales del crimen, y conocer las causas de la agresi\u00f3n.<br><br>A\u00f1adi\u00f3 que su gobierno estar\u00e1 informando oportunamente sobre los avances del caso, y reiter\u00f3 el compromiso de su administraci\u00f3n con la verdad, la justicia y el respeto a las v\u00edctimas.<\/p>\n\n\n\n<p>Fuente: La <a href=\"https:\/\/www.jornada.com.mx\/noticia\/2025\/05\/21\/politica\/sheinbaum-pide-actuar-con-responsabilidad-ante-asesinato-de-funcionarios-capitalinos\">Jornada<\/a> <\/p>\n\n\n\n<p><\/p>\n\n\n\n<p><\/p>\n","protected":false},"excerpt":{"rendered":"<p>La presidenta Claudia Sheinbaum Pardo exhort\u00f3 este mi\u00e9rcoles a no caer en especulaciones sobre el asesinato de Ximena Guzm\u00e1n Cuevas y Jos\u00e9 Mu\u00f1oz Vega, secretaria particular y asesor principal de la jefa de Gobierno de la Ciudad de M\u00e9xico, Clara Brugada. En su conferencia de prensa de Palacio Nacional, que se realiza de forma virtual, [&hellip;]<\/p>\n","protected":false},"author":35,"featured_media":183254,"comment_status":"open","ping_status":"open","sticky":false,"template":"","format":"standard","meta":{"_monsterinsights_skip_tracking":false,"_monsterinsights_sitenote_active":false,"_monsterinsights_sitenote_note":"","_monsterinsights_sitenote_category":0,"footnotes":""},"categories":[158],"tags":[2801,162],"class_list":["post-183251","post","type-post","status-publish","format-standard","has-post-thumbnail","hentry","category-politica","tag-claudia-sheinbaum","tag-portada","wp-image-borders"],"amp_enabled":true,"_links":{"self":[{"href":"https:\/\/nvnoticias.mx\/index.php\/wp-json\/wp\/v2\/posts\/183251","targetHints":{"allow":["GET"]}}],"collection":[{"href":"https:\/\/nvnoticias.mx\/index.php\/wp-json\/wp\/v2\/posts"}],"about":[{"href":"https:\/\/nvnoticias.mx\/index.php\/wp-json\/wp\/v2\/types\/post"}],"author":[{"embeddable":true,"href":"https:\/\/nvnoticias.mx\/index.php\/wp-json\/wp\/v2\/users\/35"}],"replies":[{"embeddable":true,"href":"https:\/\/nvnoticias.mx\/index.php\/wp-json\/wp\/v2\/comments?post=183251"}],"version-history":[{"count":3,"href":"https:\/\/nvnoticias.mx\/index.php\/wp-json\/wp\/v2\/posts\/183251\/revisions"}],"predecessor-version":[{"id":183255,"href":"https:\/\/nvnoticias.mx\/index.php\/wp-json\/wp\/v2\/posts\/183251\/revisions\/183255"}],"wp:featuredmedia":[{"embeddable":true,"href":"https:\/\/nvnoticias.mx\/index.php\/wp-json\/wp\/v2\/media\/183254"}],"wp:attachment":[{"href":"https:\/\/nvnoticias.mx\/index.php\/wp-json\/wp\/v2\/media?parent=183251"}],"wp:term":[{"taxonomy":"category","embeddable":true,"href":"https:\/\/nvnoticias.mx\/index.php\/wp-json\/wp\/v2\/categories?post=183251"},{"taxonomy":"post_tag","embeddable":true,"href":"https:\/\/nvnoticias.mx\/index.php\/wp-json\/wp\/v2\/tags?post=183251"}],"curies":[{"name":"wp","href":"https:\/\/api.w.org\/{rel}","templated":true}]}}