{"id":183245,"date":"2025-05-21T10:10:14","date_gmt":"2025-05-21T16:10:14","guid":{"rendered":"https:\/\/nvnoticias.mx\/?p=183245"},"modified":"2025-05-21T10:10:16","modified_gmt":"2025-05-21T16:10:16","slug":"dialogo-con-la-disidencia-magisterial-es-permanente-sheinbaum","status":"publish","type":"post","link":"https:\/\/nvnoticias.mx\/index.php\/2025\/05\/21\/dialogo-con-la-disidencia-magisterial-es-permanente-sheinbaum\/","title":{"rendered":"Di\u00e1logo con la disidencia magisterial es permanente: Sheinbaum"},"content":{"rendered":"\n<p>En medio de la &#8220;toma&#8221; de los accesos a Palacio Nacional por parte de la Coordinadora Nacional de Trabajadores de la Educaci\u00f3n (CNTE), la presidenta Claudia Sheinbaum Pardo afirm\u00f3 este mi\u00e9rcoles que el di\u00e1logo con el magisterio disidente es permanente y afirm\u00f3 que su gobierno est\u00e1 atendiendo las demandas de los docentes, como un aumento salarial del 10 por ciento para los maestros en septiembre, adem\u00e1s de abordar temas como pensiones y la movilidad docente.<\/p>\n\n\n\n<p>La mandataria respondi\u00f3 a la acci\u00f3n de a CNTE, que oblig\u00f3 a que la conferencia de prensa se realice de forma virtual esta ma\u00f1ana. &#8220;Nunca nos hemos cerrado al di\u00e1logo y lo que planteamos es la posibilidad de que nos reunamos el viernes&#8221;, declar\u00f3 Sheinbaum Pardo, refiri\u00e9ndose a la posibilidad de que sostenga un encuentro con la dirigencia de la CNTE en la Secretar\u00eda de Gobernaci\u00f3n (SG) el pr\u00f3ximo viernes al mediod\u00eda.<\/p>\n\n\n\n<p>Sheinbaum reiter\u00f3 que el di\u00e1logo con la Secretar\u00eda de Gobernaci\u00f3n y la Secretar\u00eda de Educaci\u00f3n P\u00fablica est\u00e1 &#8220;abierto desde el primer momento&#8221;, y que la reuni\u00f3n con ella se definir\u00e1 en los pr\u00f3ximos d\u00edas.<\/p>\n\n\n\n<p>Mientras se desarrollaba la ma\u00f1anera, los maestros retiraron el cerco a Palacio Nacional y ya se permite acceso.<\/p>\n\n\n\n<p>A pesar de las movilizaciones, la presidenta Sheinbaum insisti\u00f3 en el compromiso de su administraci\u00f3n con el di\u00e1logo. &#8220;Es muy importante que toda la ciudadan\u00eda y en particular las maestras y los maestros de M\u00e9xico conozcan esta situaci\u00f3n&#8221;, enfatiz\u00f3.<\/p>\n\n\n\n<p>Subray\u00f3 que su gobierno cree en el di\u00e1logo, que no caer\u00e1 en ninguna provocaci\u00f3n y que no reprimir\u00e1 ninguna manifestaci\u00f3n. \u201cEsa es la manera en que vamos a seguir trabajando todos los d\u00edas\u201d.<\/p>\n\n\n\n<p>Fuente: La <a href=\"https:\/\/www.jornada.com.mx\/noticia\/2025\/05\/21\/politica\/dialogo-con-la-disidencia-magisterial-es-permanente-sheinbaum\">Jornada<\/a> <\/p>\n\n\n\n<p><\/p>\n\n\n\n<p><\/p>\n","protected":false},"excerpt":{"rendered":"<p>En medio de la &#8220;toma&#8221; de los accesos a Palacio Nacional por parte de la Coordinadora Nacional de Trabajadores de la Educaci\u00f3n (CNTE), la presidenta Claudia Sheinbaum Pardo afirm\u00f3 este mi\u00e9rcoles que el di\u00e1logo con el magisterio disidente es permanente y afirm\u00f3 que su gobierno est\u00e1 atendiendo las demandas de los docentes, como un aumento [&hellip;]<\/p>\n","protected":false},"author":35,"featured_media":183246,"comment_status":"open","ping_status":"open","sticky":false,"template":"","format":"standard","meta":{"_monsterinsights_skip_tracking":false,"_monsterinsights_sitenote_active":false,"_monsterinsights_sitenote_note":"","_monsterinsights_sitenote_category":0,"footnotes":""},"categories":[158],"tags":[2801,162],"class_list":["post-183245","post","type-post","status-publish","format-standard","has-post-thumbnail","hentry","category-politica","tag-claudia-sheinbaum","tag-portada","wp-image-borders"],"amp_enabled":true,"_links":{"self":[{"href":"https:\/\/nvnoticias.mx\/index.php\/wp-json\/wp\/v2\/posts\/183245","targetHints":{"allow":["GET"]}}],"collection":[{"href":"https:\/\/nvnoticias.mx\/index.php\/wp-json\/wp\/v2\/posts"}],"about":[{"href":"https:\/\/nvnoticias.mx\/index.php\/wp-json\/wp\/v2\/types\/post"}],"author":[{"embeddable":true,"href":"https:\/\/nvnoticias.mx\/index.php\/wp-json\/wp\/v2\/users\/35"}],"replies":[{"embeddable":true,"href":"https:\/\/nvnoticias.mx\/index.php\/wp-json\/wp\/v2\/comments?post=183245"}],"version-history":[{"count":4,"href":"https:\/\/nvnoticias.mx\/index.php\/wp-json\/wp\/v2\/posts\/183245\/revisions"}],"predecessor-version":[{"id":183250,"href":"https:\/\/nvnoticias.mx\/index.php\/wp-json\/wp\/v2\/posts\/183245\/revisions\/183250"}],"wp:featuredmedia":[{"embeddable":true,"href":"https:\/\/nvnoticias.mx\/index.php\/wp-json\/wp\/v2\/media\/183246"}],"wp:attachment":[{"href":"https:\/\/nvnoticias.mx\/index.php\/wp-json\/wp\/v2\/media?parent=183245"}],"wp:term":[{"taxonomy":"category","embeddable":true,"href":"https:\/\/nvnoticias.mx\/index.php\/wp-json\/wp\/v2\/categories?post=183245"},{"taxonomy":"post_tag","embeddable":true,"href":"https:\/\/nvnoticias.mx\/index.php\/wp-json\/wp\/v2\/tags?post=183245"}],"curies":[{"name":"wp","href":"https:\/\/api.w.org\/{rel}","templated":true}]}}