{"id":18322,"date":"2021-07-11T12:45:55","date_gmt":"2021-07-11T17:45:55","guid":{"rendered":"https:\/\/nvnoticias.mx\/?p=18322"},"modified":"2021-07-11T12:45:56","modified_gmt":"2021-07-11T17:45:56","slug":"intenta-mexico-que-reabra-eu-la-frontera-tras-vacunacion-en-baja-california","status":"publish","type":"post","link":"https:\/\/nvnoticias.mx\/index.php\/2021\/07\/11\/intenta-mexico-que-reabra-eu-la-frontera-tras-vacunacion-en-baja-california\/","title":{"rendered":"Intenta M\u00e9xico que reabra EU la frontera tras vacunaci\u00f3n en Baja California"},"content":{"rendered":"\n<p>El gobierno de la Rep\u00fablica negocia con su contraparte estadunidense la apertura parcial de la frontera com\u00fan, a partir de una reclasificaci\u00f3n de actividades consideradas esenciales.<\/p>\n\n\n\n<p>M\u00e9xico argumenta que la mayor parte de la poblaci\u00f3n de California y Baja California ya tiene la vacuna anti-Covid, de ah\u00ed la intenci\u00f3n de nuestro pa\u00eds de modificar criterios para abrir a ciertos cruces de personas y mercanc\u00edas, de acuerdo con informaci\u00f3n expuesta en la reuni\u00f3n del lunes pasado entre el presidente L\u00f3pez Obrador y senadores de Estados Unidos, tanto del partido Republicano como del Dem\u00f3crata.<\/p>\n\n\n\n<p>El canciller Marcelo Ebrard explic\u00f3 que las restricciones fronterizas impuestas por Estados Unidos son de car\u00e1cter sanitario.<\/p>\n\n\n\n<p>\u201cEntonces, estamos trabajando con DHS (Department of Homeland Security) y le pedimos su apoyo a los senadores, respecto a que si no van a levantar las restricciones en toda la frontera porque consideren que por razones sanitarias no se pueden hacer al mismo tiempo, que s\u00ed nos ayuden para que se revise qu\u00e9 se entiende por actividad no esencial y qu\u00e9 se entiende por actividad esencial. En eso estamos ahorita\u201d, coment\u00f3 en Palacio Nacional.<\/p>\n\n\n\n<p>Ebrard inform\u00f3 de la integraci\u00f3n de un grupo de trabajo para analizar esa iniciativa porque el impacto (del cierre al tr\u00e1nsito fronterizo) \u201cha sido muy grande y ya no habr\u00eda raz\u00f3n (para mantenerla): por ejemplo, Tijuana y San Diego tienen el mismo nivel de vacunaci\u00f3n al d\u00eda de hoy, \u00bfcu\u00e1l ser\u00eda la raz\u00f3n entonces de mantener o prolongar innecesariamente esa restricci\u00f3n a las actividades?\u201d, plante\u00f3.<\/p>\n\n\n\n<p>Otra cosa que hemos propuesto, a\u00f1adi\u00f3, \u201ces que no tiene que ser toda la frontera, puede hacerse por ciudad dependiendo del avance que se tenga en cada urbe\u201d.<\/p>\n\n\n\n<p>L\u00f3pez Obrador habl\u00f3 a los senadores sobre la importancia de \u201cabrir por completo la frontera lo m\u00e1s pronto posible\u201d, al tiempo de agradecer la donaci\u00f3n a M\u00e9xico de 1.3 millones de vacunas de la marca Johnson &amp; Johnson, aplicadas en su mayor\u00eda a adultos de Baja California.<\/p>\n\n\n\n<p>\u201cHay inter\u00e9s de parte de ellos en este asunto, es un inter\u00e9s mutuo, hubo coincidencias\u201d, declar\u00f3 el Presidente durante esta semana.Dijo que prioriza el abasto a entidades donde se encuentran los polos tur\u00edsticos m\u00e1s importantes, y se refuerza la aplicaci\u00f3n del biol\u00f3gico en Chiapas, que ten\u00eda el martes el menor porcentaje de poblaci\u00f3n vacunada (18 por ciento, contra 79 por ciento en Baja California).<\/p>\n\n\n\n<p>Se\u00f1al\u00f3 que a partir de los embarques recibidos de manera peri\u00f3dica y las dosis envasadas en nuestro pa\u00eds (de AstraZeneca y CanSino) \u201ctenemos garantizado el abasto, no vamos a tener problema\u201d. Sin embargo, Estados Unidos no reconoce \u00e9sas y otras marcas, salvo las utilizadas en su territorio; es por ello que en el resto de municipios colindantes con el vecino pa\u00eds se deber\u00e1 aplicar el producto de Pfizer.<\/p>\n\n\n\n<p>En el m\u00e1s reciente reporte de la vacunaci\u00f3n fronteriza, la secretaria de Seguridad y Protecci\u00f3n Ciudadana, Rosa Icela Rodr\u00edguez, responsable de este plan especial, recalc\u00f3 la meta de vacunar a los adultos residentes en 45 municipios de la frontera norte.<\/p>\n\n\n\n<p>Una vez concluida la oferta en Baja California siguieron con Sonora y hoy se esperaba concluir con los ayuntamientos lim\u00edtrofes de Chihuahua, aunque se dejar\u00eda para la semana del 12 al 17 de julio la aplicaci\u00f3n en Ciudad Ju\u00e1rez. Luego vendr\u00e1 Coahuila, Nuevo Le\u00f3n y Tamaulipas, a fin de terminar la protecci\u00f3n en los 45 municipios referidos los primeros d\u00edas de agosto.<\/p>\n\n\n\n<p>Fuente: La Jornada<\/p>\n","protected":false},"excerpt":{"rendered":"<p>El gobierno de la Rep\u00fablica negocia con su contraparte estadunidense la apertura parcial de la frontera com\u00fan, a partir de una reclasificaci\u00f3n de actividades consideradas esenciales. M\u00e9xico argumenta que la mayor parte de la poblaci\u00f3n de California y Baja California ya tiene la vacuna anti-Covid, de ah\u00ed la intenci\u00f3n de nuestro pa\u00eds de modificar criterios [&hellip;]<\/p>\n","protected":false},"author":7,"featured_media":1821,"comment_status":"open","ping_status":"open","sticky":false,"template":"","format":"standard","meta":{"_monsterinsights_skip_tracking":false,"_monsterinsights_sitenote_active":false,"_monsterinsights_sitenote_note":"","_monsterinsights_sitenote_category":0,"footnotes":""},"categories":[157],"tags":[4487,664,183,1270,809],"class_list":["post-18322","post","type-post","status-publish","format-standard","has-post-thumbnail","hentry","category-nacional","tag-baja-california","tag-covid19","tag-estados-unidos","tag-frontera","tag-vacunacion","wp-image-borders"],"amp_enabled":true,"_links":{"self":[{"href":"https:\/\/nvnoticias.mx\/index.php\/wp-json\/wp\/v2\/posts\/18322","targetHints":{"allow":["GET"]}}],"collection":[{"href":"https:\/\/nvnoticias.mx\/index.php\/wp-json\/wp\/v2\/posts"}],"about":[{"href":"https:\/\/nvnoticias.mx\/index.php\/wp-json\/wp\/v2\/types\/post"}],"author":[{"embeddable":true,"href":"https:\/\/nvnoticias.mx\/index.php\/wp-json\/wp\/v2\/users\/7"}],"replies":[{"embeddable":true,"href":"https:\/\/nvnoticias.mx\/index.php\/wp-json\/wp\/v2\/comments?post=18322"}],"version-history":[{"count":1,"href":"https:\/\/nvnoticias.mx\/index.php\/wp-json\/wp\/v2\/posts\/18322\/revisions"}],"predecessor-version":[{"id":18323,"href":"https:\/\/nvnoticias.mx\/index.php\/wp-json\/wp\/v2\/posts\/18322\/revisions\/18323"}],"wp:featuredmedia":[{"embeddable":true,"href":"https:\/\/nvnoticias.mx\/index.php\/wp-json\/wp\/v2\/media\/1821"}],"wp:attachment":[{"href":"https:\/\/nvnoticias.mx\/index.php\/wp-json\/wp\/v2\/media?parent=18322"}],"wp:term":[{"taxonomy":"category","embeddable":true,"href":"https:\/\/nvnoticias.mx\/index.php\/wp-json\/wp\/v2\/categories?post=18322"},{"taxonomy":"post_tag","embeddable":true,"href":"https:\/\/nvnoticias.mx\/index.php\/wp-json\/wp\/v2\/tags?post=18322"}],"curies":[{"name":"wp","href":"https:\/\/api.w.org\/{rel}","templated":true}]}}