{"id":183126,"date":"2025-05-20T09:37:53","date_gmt":"2025-05-20T15:37:53","guid":{"rendered":"https:\/\/nvnoticias.mx\/?p=183126"},"modified":"2025-05-20T09:37:55","modified_gmt":"2025-05-20T15:37:55","slug":"buena-y-muy-cordial-reunion-con-ronald-johnson-sheinbaum","status":"publish","type":"post","link":"https:\/\/nvnoticias.mx\/index.php\/2025\/05\/20\/buena-y-muy-cordial-reunion-con-ronald-johnson-sheinbaum\/","title":{"rendered":"Buena y muy cordial, reuni\u00f3n con Ronald Johnson: Sheinbaum"},"content":{"rendered":"\n<p>La reuni\u00f3n en Palacio Nacional con el nuevo embajador de Estados Unidos en M\u00e9xico, Ronald Johnson, fue buena y muy cordial, asegur\u00f3 la presidenta Claudia Sheinbaum, quien detall\u00f3 que se abordaron todos los temas que han concentrado la atenci\u00f3n de ambos pa\u00edses en los \u00faltimos meses: comercio, migraci\u00f3n, seguridad. Hay una buena coordinaci\u00f3n entre ambos gobiernos y queremos seguir manteni\u00e9ndola.<\/p>\n\n\n\n<p>Durante su conferencia explic\u00f3 que en el encuentro, le expres\u00f3 la inconformidad de M\u00e9xico contra la pretensi\u00f3n de gravar las remesas, \u201choy va un grupo de senadores a reunirse con legisladores para explicar las razones de porque no es buena idea gravar las remesas\u201d.<\/p>\n\n\n\n<p>Sheinbaum dijo que ambos coincidieron en la importancia de la relaci\u00f3n bilateral. Coment\u00f3 que uno de los temas en espec\u00edfico que abordaron fue darle seguimiento a las acciones en materia de seguridad que se acordaron en una reuni\u00f3n de Washington. Se\u00f1al\u00f3 que en este aspecto ha habido una buena coordinaci\u00f3n y se les invit\u00f3 a un nuevo encuentro de alto nivel con las autoridades en materia de seguridad de ambos gobiernos en M\u00e9xico.<\/p>\n\n\n\n<p>Consider\u00f3 que Johnson expres\u00f3 su reconocimiento a las acciones que ha realizado M\u00e9xico en diversas acciones de coordinaci\u00f3n en varias materias.<\/p>\n\n\n\n<p>Fuente: La <a href=\"https:\/\/www.jornada.com.mx\/noticia\/2025\/05\/20\/politica\/buena-y-muy-cordial-reunion-con-ronald-johnson-destaca-sheinbaum\">Jornada<\/a> <\/p>\n\n\n\n<p><\/p>\n\n\n\n<p><\/p>\n\n\n\n<p><\/p>\n\n\n\n<p><\/p>\n\n\n\n<p><\/p>\n\n\n\n<p><\/p>\n\n\n\n<p><\/p>\n","protected":false},"excerpt":{"rendered":"<p>La reuni\u00f3n en Palacio Nacional con el nuevo embajador de Estados Unidos en M\u00e9xico, Ronald Johnson, fue buena y muy cordial, asegur\u00f3 la presidenta Claudia Sheinbaum, quien detall\u00f3 que se abordaron todos los temas que han concentrado la atenci\u00f3n de ambos pa\u00edses en los \u00faltimos meses: comercio, migraci\u00f3n, seguridad. Hay una buena coordinaci\u00f3n entre ambos [&hellip;]<\/p>\n","protected":false},"author":35,"featured_media":183127,"comment_status":"open","ping_status":"open","sticky":false,"template":"","format":"standard","meta":{"_monsterinsights_skip_tracking":false,"_monsterinsights_sitenote_active":false,"_monsterinsights_sitenote_note":"","_monsterinsights_sitenote_category":0,"footnotes":""},"categories":[158],"tags":[2801,162,31926],"class_list":["post-183126","post","type-post","status-publish","format-standard","has-post-thumbnail","hentry","category-politica","tag-claudia-sheinbaum","tag-portada","tag-ronald-johnson","wp-image-borders"],"amp_enabled":true,"_links":{"self":[{"href":"https:\/\/nvnoticias.mx\/index.php\/wp-json\/wp\/v2\/posts\/183126","targetHints":{"allow":["GET"]}}],"collection":[{"href":"https:\/\/nvnoticias.mx\/index.php\/wp-json\/wp\/v2\/posts"}],"about":[{"href":"https:\/\/nvnoticias.mx\/index.php\/wp-json\/wp\/v2\/types\/post"}],"author":[{"embeddable":true,"href":"https:\/\/nvnoticias.mx\/index.php\/wp-json\/wp\/v2\/users\/35"}],"replies":[{"embeddable":true,"href":"https:\/\/nvnoticias.mx\/index.php\/wp-json\/wp\/v2\/comments?post=183126"}],"version-history":[{"count":4,"href":"https:\/\/nvnoticias.mx\/index.php\/wp-json\/wp\/v2\/posts\/183126\/revisions"}],"predecessor-version":[{"id":183131,"href":"https:\/\/nvnoticias.mx\/index.php\/wp-json\/wp\/v2\/posts\/183126\/revisions\/183131"}],"wp:featuredmedia":[{"embeddable":true,"href":"https:\/\/nvnoticias.mx\/index.php\/wp-json\/wp\/v2\/media\/183127"}],"wp:attachment":[{"href":"https:\/\/nvnoticias.mx\/index.php\/wp-json\/wp\/v2\/media?parent=183126"}],"wp:term":[{"taxonomy":"category","embeddable":true,"href":"https:\/\/nvnoticias.mx\/index.php\/wp-json\/wp\/v2\/categories?post=183126"},{"taxonomy":"post_tag","embeddable":true,"href":"https:\/\/nvnoticias.mx\/index.php\/wp-json\/wp\/v2\/tags?post=183126"}],"curies":[{"name":"wp","href":"https:\/\/api.w.org\/{rel}","templated":true}]}}