{"id":183106,"date":"2025-05-19T22:20:11","date_gmt":"2025-05-20T04:20:11","guid":{"rendered":"https:\/\/nvnoticias.mx\/?p=183106"},"modified":"2025-05-19T22:20:13","modified_gmt":"2025-05-20T04:20:13","slug":"brad-pitt-llega-a-la-cdmx-para-presentar-la-adrenalina-de-f1-la-pelicula","status":"publish","type":"post","link":"https:\/\/nvnoticias.mx\/index.php\/2025\/05\/19\/brad-pitt-llega-a-la-cdmx-para-presentar-la-adrenalina-de-f1-la-pelicula\/","title":{"rendered":"Brad Pitt llega a la CdMx para presentar la adrenalina de &#8216;F1: La pel\u00edcula&#8217;"},"content":{"rendered":"\n<p><\/p>\n\n\n\n<p>Atenci\u00f3n, amantes de la velocidad y de la acci\u00f3n al l\u00edmite! El rugido de los motores est\u00e1 a punto de apoderarse de la Ciudad de M\u00e9xico.<\/p>\n\n\n\n<p>Las calles de la capital se preparan para recibir a una de las estrellas m\u00e1s grandes de Hollywood, en un evento que marcar\u00e1 el inicio de una gira promocional de alto octanaje.<\/p>\n\n\n\n<p>Brad Pitt visitar\u00e1 la ciudad para presentar &#8216;F1: La pel\u00edcula&#8217;,\u00a0quien se reunir\u00e1 con sus fans en un evento especial donde tambi\u00e9n estar\u00e1n presentes parte del elenco y el director Joseph Kosinski.<\/p>\n\n\n\n<p>La cita es el pr\u00f3ximo 9 de junio donde la intensidad del automovilismo se encontrar\u00e1n en el Fan Event de &#8216;F1: La pel\u00edcula&#8217;, que se llevar\u00e1 a cabo en Parque Toreo, donde los fans podr\u00e1n vivir de cerca una experiencia cargada de emoci\u00f3n, velocidad y adrenalina junto a los protagonistas de esta ambiciosa producci\u00f3n.<\/p>\n\n\n\n<p>El actor Brad Pitt, junto con Damson Idris, Kerry Condon y el director Joseph Kosinski (Top Gun: Maverick), har\u00e1 una escala en la Ciudad de M\u00e9xico para presentar oficialmente &#8216;F1: La pel\u00edcula&#8217;, una cinta que promete llevar a la pantalla grande la experiencia de la F\u00f3rmula 1.<\/p>\n\n\n\n<p>Este evento exclusivo brindar\u00e1 a los asistentes la oportunidad de conocer a las estrellas de la pel\u00edcula y formar parte de una celebraci\u00f3n del automovilismo, con un despliegue que promete emociones fuertes.\u00a0<\/p>\n\n\n\n<p>La esperada pel\u00edcula llegar\u00e1 a salas de cine, incluyendo pantallas IMAX, el pr\u00f3ximo 26 de junio de 2025, distribuida globalmente por Warner Bros. Pictures y producida por Apple Original Films.<br><\/p>\n\n\n\n<p>Fuente: <a href=\"https:\/\/www.milenio.com\/espectaculos\/cine\/brad-pitt-mexico-f1-la-pelicula-fecha-evento-estreno\">Milenio<\/a><\/p>\n","protected":false},"excerpt":{"rendered":"<p>Atenci\u00f3n, amantes de la velocidad y de la acci\u00f3n al l\u00edmite! El rugido de los motores est\u00e1 a punto de apoderarse de la Ciudad de M\u00e9xico. Las calles de la capital se preparan para recibir a una de las estrellas m\u00e1s grandes de Hollywood, en un evento que marcar\u00e1 el inicio de una gira promocional [&hellip;]<\/p>\n","protected":false},"author":8,"featured_media":183107,"comment_status":"open","ping_status":"open","sticky":false,"template":"","format":"standard","meta":{"_monsterinsights_skip_tracking":false,"_monsterinsights_sitenote_active":false,"_monsterinsights_sitenote_note":"","_monsterinsights_sitenote_category":0,"footnotes":""},"categories":[576],"tags":[2384,31942],"class_list":["post-183106","post","type-post","status-publish","format-standard","has-post-thumbnail","hentry","category-ocio","tag-brad-pitt","tag-la-adrenalina-de-f1-la-pelicula","wp-image-borders"],"amp_enabled":true,"_links":{"self":[{"href":"https:\/\/nvnoticias.mx\/index.php\/wp-json\/wp\/v2\/posts\/183106","targetHints":{"allow":["GET"]}}],"collection":[{"href":"https:\/\/nvnoticias.mx\/index.php\/wp-json\/wp\/v2\/posts"}],"about":[{"href":"https:\/\/nvnoticias.mx\/index.php\/wp-json\/wp\/v2\/types\/post"}],"author":[{"embeddable":true,"href":"https:\/\/nvnoticias.mx\/index.php\/wp-json\/wp\/v2\/users\/8"}],"replies":[{"embeddable":true,"href":"https:\/\/nvnoticias.mx\/index.php\/wp-json\/wp\/v2\/comments?post=183106"}],"version-history":[{"count":1,"href":"https:\/\/nvnoticias.mx\/index.php\/wp-json\/wp\/v2\/posts\/183106\/revisions"}],"predecessor-version":[{"id":183108,"href":"https:\/\/nvnoticias.mx\/index.php\/wp-json\/wp\/v2\/posts\/183106\/revisions\/183108"}],"wp:featuredmedia":[{"embeddable":true,"href":"https:\/\/nvnoticias.mx\/index.php\/wp-json\/wp\/v2\/media\/183107"}],"wp:attachment":[{"href":"https:\/\/nvnoticias.mx\/index.php\/wp-json\/wp\/v2\/media?parent=183106"}],"wp:term":[{"taxonomy":"category","embeddable":true,"href":"https:\/\/nvnoticias.mx\/index.php\/wp-json\/wp\/v2\/categories?post=183106"},{"taxonomy":"post_tag","embeddable":true,"href":"https:\/\/nvnoticias.mx\/index.php\/wp-json\/wp\/v2\/tags?post=183106"}],"curies":[{"name":"wp","href":"https:\/\/api.w.org\/{rel}","templated":true}]}}