{"id":182942,"date":"2025-05-18T15:33:08","date_gmt":"2025-05-18T21:33:08","guid":{"rendered":"https:\/\/nvnoticias.mx\/?p=182942"},"modified":"2025-05-18T15:33:10","modified_gmt":"2025-05-18T21:33:10","slug":"renuncio-a-mi-derecho-constitucional-que-el-pueblo-elija-al-pj-sheinbaum","status":"publish","type":"post","link":"https:\/\/nvnoticias.mx\/index.php\/2025\/05\/18\/renuncio-a-mi-derecho-constitucional-que-el-pueblo-elija-al-pj-sheinbaum\/","title":{"rendered":"Renuncio a mi derecho constitucional, &#8220;que el pueblo elija al PJ&#8221;: Sheinbaum"},"content":{"rendered":"\n<p>La presidenta, Claudia Sheinbaum Pardo, subray\u00f3 que a fin de que haya democracia en el pa\u00eds, y el pueblo elija a los integrantes del Poder Judicial, ha renunciado al derecho que la Constituci\u00f3n daba al titular del Ejecutivo para determinar, junto al Senado, qui\u00e9nes conformar\u00edan la Suprema Corte de Justicia de la Naci\u00f3n (SCJN).<\/p>\n\n\n\n<p>Ante la inminencia de la elecci\u00f3n judicial \u2014que se celebrar\u00e1 exactamente en dos domingos\u2014, la mandataria volvi\u00f3 a reivindicar la reforma a ese poder y llam\u00f3 a los mexicanos a participar de manera masiva en el proceso del 1\u00b0 de junio pr\u00f3ximo. A la par, critic\u00f3 a aquellos que se oponen a estos comicios.<\/p>\n\n\n\n<p>\u201cEn vez de que la Presidenta haga, como se hizo en el pasado, que la nueva Presidenta elija qui\u00e9nes van a ser los nuevos ministros (de la Corte). \u00a1No! Nosotros estamos renunciando a ese derecho que ten\u00eda el Presidente de la Rep\u00fablica. \u00bfY por qu\u00e9 renunciamos a eso? Porque queremos que elija el pueblo porque eso es democracia, porque juramos ser un gobierno del pueblo, por el pueblo y para el pueblo de M\u00e9xico\u201d.<\/p>\n\n\n\n<p>La mandataria federal ocup\u00f3 gran parte de su discurso durante un acto en el que se presentaron proyectos prioritarios para este estado para aludir a la elecci\u00f3n de jueces, magistrados y ministros que se realizar\u00e1 en dos semanas.&nbsp;<\/p>\n\n\n\n<p>Se refiri\u00f3 a los detractores del proceso: \u201cComo ya va a ser la elecci\u00f3n, ya arrecieran las cr\u00edticas, manifestaciones contra la elecci\u00f3n, contra nuestro gobierno. Pero, \u00bfSaben qu\u00e9? El pueblo de M\u00e9xico es mucha pieza, y millones y millones van a salir a votar el 1\u00b0 de junio, y van a decir: \u2018M\u00e9xico es un pa\u00eds democr\u00e1tico y en M\u00e9xico el \u00fanico que decide es el pueblo de M\u00e9xico\u2019.\u201d<\/p>\n\n\n\n<p>Ante cientos de personas reunidas en el Centro de Convenciones de La Paz, y acompa\u00f1ada del gobernador del estado, V\u00edctor Castro, presidentes municipales y funcionarios federales, la mandataria rechaz\u00f3 las versiones de la oposici\u00f3n de que su gobierno es \u201cautoritario\u201d.<\/p>\n\n\n\n<p>Al respecto, enfatiz\u00f3: \u201cAhora nos acusan de \u2018autoritarios&#8217;. Que se decide desde arriba, que no hay libertades, que s\u00f3lo una persona decide. \u00bfC\u00f3mo va a ser autoritario el que el pueblo decida? Porque ahora entre todos vamos a decidir quienes queremos que sean nuestros jueces. \u00bfQu\u00e9 es m\u00e1s democr\u00e1tico, que elija la Presidenta o el pueblo? Vamos a ser el pa\u00eds m\u00e1s democr\u00e1tico del mundo el 1\u00b0 de junio\u201d.<\/p>\n\n\n\n<p>Ello, porque tras la reforma judicial \u2014impulsada por su antecesor, el ex presidente, Andr\u00e9s Manuel L\u00f3pez Obrador\u2014, hoy en el pa\u00eds no s\u00f3lo la gente elegir\u00e1 a los representantes del Ejecutivo y el Legislativo, sino tambi\u00e9n del Judicial.&nbsp;<\/p>\n\n\n\n<p>Record\u00f3 que ese cambio se dio porque el Poder Judicial \u201cno est\u00e1 bien\u201d y es un ejemplo de la corrupci\u00f3n y el nepotismo, por lo que cuestion\u00f3 a los asistentes al acto:<\/p>\n\n\n\n<p>\u201c\u00bfDe d\u00f3nde vino este cambio de que s\u00f3lo elija el Presidente y el Senado a que elija el pueblo de M\u00e9xico? \u00bfTenemos un Poder Judicial que procura justicia? \u00bfEs lo mismo la justicia para el que tiene dinero que para el que no tiene?\u201d.<\/p>\n\n\n\n<p>Indic\u00f3 que la propia presidenta de la SCJN, Norma Pi\u00f1a, reconoci\u00f3 que 50 por ciento de los empleados del Poder Judicial son familiares de otros de sus integrantes. \u201cEs decir, un nepotismo de 50 por ciento de los puestos, o sea que no hay carrera judicial, quiere decir que quien llega al Poder Judicial es por ser amigo, primo, hermano de los otros\u201d.<\/p>\n\n\n\n<p>Rememor\u00f3 que muchas leyes aprobadas por el Congreso de la Uni\u00f3n durante la pasada administraci\u00f3n federal, fueron echadas abajo por la Corte bajo \u201crazones de procedimiento\u201d, una de ellas la que le daba a la Comisi\u00f3n Federal de Electricidad preponderancia para la generaci\u00f3n de energ\u00eda el\u00e9ctrica. \u201cMeti\u00e9ndose la Corte a legislar\u201d.<\/p>\n\n\n\n<p>Y, agrego, \u201clo peor\u201d, el que con base en \u201csupuestos amparos\u201d los jefes y magistrados dejan en libertad a delincuentes.&nbsp;<\/p>\n\n\n\n<p>Por lo que volvi\u00f3 a preguntar a los presentes: \u201c\u00bfEst\u00e1 bien el Poder Judicial ahora?\u201d. Y al un\u00edsono, las cientos de personas le respondieron: \u201c\u00a1Noooooo!\u201d.<\/p>\n\n\n\n<p>Fuente: La <a href=\"https:\/\/www.jornada.com.mx\/noticia\/2025\/05\/18\/politica\/renuncio-a-mi-derecho-por-democracia-que-el-pueblo-elija-al-pj-sheinbaum\">Jornada<\/a> <\/p>\n\n\n\n<p><\/p>\n\n\n\n<p><br><\/p>\n\n\n\n<p><\/p>\n","protected":false},"excerpt":{"rendered":"<p>La presidenta, Claudia Sheinbaum Pardo, subray\u00f3 que a fin de que haya democracia en el pa\u00eds, y el pueblo elija a los integrantes del Poder Judicial, ha renunciado al derecho que la Constituci\u00f3n daba al titular del Ejecutivo para determinar, junto al Senado, qui\u00e9nes conformar\u00edan la Suprema Corte de Justicia de la Naci\u00f3n (SCJN). Ante [&hellip;]<\/p>\n","protected":false},"author":35,"featured_media":182945,"comment_status":"open","ping_status":"open","sticky":false,"template":"","format":"standard","meta":{"_monsterinsights_skip_tracking":false,"_monsterinsights_sitenote_active":false,"_monsterinsights_sitenote_note":"","_monsterinsights_sitenote_category":0,"footnotes":""},"categories":[158],"tags":[2801],"class_list":["post-182942","post","type-post","status-publish","format-standard","has-post-thumbnail","hentry","category-politica","tag-claudia-sheinbaum","wp-image-borders"],"amp_enabled":true,"_links":{"self":[{"href":"https:\/\/nvnoticias.mx\/index.php\/wp-json\/wp\/v2\/posts\/182942","targetHints":{"allow":["GET"]}}],"collection":[{"href":"https:\/\/nvnoticias.mx\/index.php\/wp-json\/wp\/v2\/posts"}],"about":[{"href":"https:\/\/nvnoticias.mx\/index.php\/wp-json\/wp\/v2\/types\/post"}],"author":[{"embeddable":true,"href":"https:\/\/nvnoticias.mx\/index.php\/wp-json\/wp\/v2\/users\/35"}],"replies":[{"embeddable":true,"href":"https:\/\/nvnoticias.mx\/index.php\/wp-json\/wp\/v2\/comments?post=182942"}],"version-history":[{"count":4,"href":"https:\/\/nvnoticias.mx\/index.php\/wp-json\/wp\/v2\/posts\/182942\/revisions"}],"predecessor-version":[{"id":182947,"href":"https:\/\/nvnoticias.mx\/index.php\/wp-json\/wp\/v2\/posts\/182942\/revisions\/182947"}],"wp:featuredmedia":[{"embeddable":true,"href":"https:\/\/nvnoticias.mx\/index.php\/wp-json\/wp\/v2\/media\/182945"}],"wp:attachment":[{"href":"https:\/\/nvnoticias.mx\/index.php\/wp-json\/wp\/v2\/media?parent=182942"}],"wp:term":[{"taxonomy":"category","embeddable":true,"href":"https:\/\/nvnoticias.mx\/index.php\/wp-json\/wp\/v2\/categories?post=182942"},{"taxonomy":"post_tag","embeddable":true,"href":"https:\/\/nvnoticias.mx\/index.php\/wp-json\/wp\/v2\/tags?post=182942"}],"curies":[{"name":"wp","href":"https:\/\/api.w.org\/{rel}","templated":true}]}}