{"id":182937,"date":"2025-05-18T15:29:34","date_gmt":"2025-05-18T21:29:34","guid":{"rendered":"https:\/\/nvnoticias.mx\/?p=182937"},"modified":"2025-05-18T15:29:36","modified_gmt":"2025-05-18T21:29:36","slug":"rechaza-sheinbaum-que-capacitadores-ultimados-en-tlaquepaque-sean-de-eu","status":"publish","type":"post","link":"https:\/\/nvnoticias.mx\/index.php\/2025\/05\/18\/rechaza-sheinbaum-que-capacitadores-ultimados-en-tlaquepaque-sean-de-eu\/","title":{"rendered":"Rechaza Sheinbaum que capacitadores ultimados en Tlaquepaque sean de EU"},"content":{"rendered":"\n<p>Luego que se report\u00f3 el asesinato de dos capacitadores policiales que han colaborado con la Oficina de Asuntos Internacionales de Narc\u00f3ticos y Aplicaci\u00f3n de la Ley de Estados Unidos, en Tlaquepaque, Jalisco, la presidenta Claudia Sheinbaum rechaz\u00f3 que sean colaboradores de la embajada de ese pa\u00eds.&nbsp;<\/p>\n\n\n\n<p>Interrogada sobre el tema antes del inicio de un acto sobre proyectos prioritarios de infraestructura que encabeza en esta ciudad sudcaliforniana, la mandataria asever\u00f3 que el gabinete de seguridad detallar\u00e1 la investgicaci\u00f3n sobre el ataque.&nbsp;<\/p>\n\n\n\n<p>La jefa del Ejecutivo federal coment\u00f3 brevemente: \u201cLa informaci\u00f3n que tengo, hasta ahora, es que no eran (colaboradores) de la embajada (estadunidense), la propia embajada sac\u00f3 un comunicado. Ya lo informar\u00e1 el gabinete de seguridad\u201d.<\/p>\n\n\n\n<p>La Fiscal\u00eda General de Justicia de Jalisco investiga el ataque armado en el cual dos capacitadores policiales de la oficina estadunidense fallecieron y otro result\u00f3 herido.<\/p>\n\n\n\n<p>La agresi\u00f3n se perpetr\u00f3 el viernes por la noche cuando cenaban en un restaurante en el municipio de San Pedro Tlaquepaque, luego de participar en un curso a elementos de esa entidad en los que se incluyeron temas de pandillas y de combate al fentanilo, de acuerdo a fuentes gubernamentales.<\/p>\n\n\n\n<p>Sin embargo, funcionarios de la fiscal\u00eda jalisciense informaron que los capacitadores no ten\u00edan relaci\u00f3n con el consulado estadunidense en la entidad.<\/p>\n\n\n\n<p>Los elementos que perdieron la vida fueron identificados como C\u00e9sar Guzm\u00e1n y Carlos Aamad Chavela, mientras Pablo Cajigal del \u00c1ngel result\u00f3 herido.<\/p>\n\n\n\n<p>Fuente: La <a href=\"https:\/\/www.jornada.com.mx\/noticia\/2025\/05\/18\/politica\/rechaza-sheinbaum-que-capacitadores-ultimados-en-tlaquepaque-sean-de-eu\">Jornada<\/a> <\/p>\n\n\n\n<p><\/p>\n\n\n\n<p><\/p>\n\n\n\n<p><\/p>\n","protected":false},"excerpt":{"rendered":"<p>Luego que se report\u00f3 el asesinato de dos capacitadores policiales que han colaborado con la Oficina de Asuntos Internacionales de Narc\u00f3ticos y Aplicaci\u00f3n de la Ley de Estados Unidos, en Tlaquepaque, Jalisco, la presidenta Claudia Sheinbaum rechaz\u00f3 que sean colaboradores de la embajada de ese pa\u00eds.&nbsp; Interrogada sobre el tema antes del inicio de un [&hellip;]<\/p>\n","protected":false},"author":35,"featured_media":182938,"comment_status":"open","ping_status":"open","sticky":false,"template":"","format":"standard","meta":{"_monsterinsights_skip_tracking":false,"_monsterinsights_sitenote_active":false,"_monsterinsights_sitenote_note":"","_monsterinsights_sitenote_category":0,"footnotes":""},"categories":[158],"tags":[2801],"class_list":["post-182937","post","type-post","status-publish","format-standard","has-post-thumbnail","hentry","category-politica","tag-claudia-sheinbaum","wp-image-borders"],"amp_enabled":true,"_links":{"self":[{"href":"https:\/\/nvnoticias.mx\/index.php\/wp-json\/wp\/v2\/posts\/182937","targetHints":{"allow":["GET"]}}],"collection":[{"href":"https:\/\/nvnoticias.mx\/index.php\/wp-json\/wp\/v2\/posts"}],"about":[{"href":"https:\/\/nvnoticias.mx\/index.php\/wp-json\/wp\/v2\/types\/post"}],"author":[{"embeddable":true,"href":"https:\/\/nvnoticias.mx\/index.php\/wp-json\/wp\/v2\/users\/35"}],"replies":[{"embeddable":true,"href":"https:\/\/nvnoticias.mx\/index.php\/wp-json\/wp\/v2\/comments?post=182937"}],"version-history":[{"count":3,"href":"https:\/\/nvnoticias.mx\/index.php\/wp-json\/wp\/v2\/posts\/182937\/revisions"}],"predecessor-version":[{"id":182941,"href":"https:\/\/nvnoticias.mx\/index.php\/wp-json\/wp\/v2\/posts\/182937\/revisions\/182941"}],"wp:featuredmedia":[{"embeddable":true,"href":"https:\/\/nvnoticias.mx\/index.php\/wp-json\/wp\/v2\/media\/182938"}],"wp:attachment":[{"href":"https:\/\/nvnoticias.mx\/index.php\/wp-json\/wp\/v2\/media?parent=182937"}],"wp:term":[{"taxonomy":"category","embeddable":true,"href":"https:\/\/nvnoticias.mx\/index.php\/wp-json\/wp\/v2\/categories?post=182937"},{"taxonomy":"post_tag","embeddable":true,"href":"https:\/\/nvnoticias.mx\/index.php\/wp-json\/wp\/v2\/tags?post=182937"}],"curies":[{"name":"wp","href":"https:\/\/api.w.org\/{rel}","templated":true}]}}