{"id":182796,"date":"2025-05-16T12:34:13","date_gmt":"2025-05-16T18:34:13","guid":{"rendered":"https:\/\/nvnoticias.mx\/?p=182796"},"modified":"2025-05-16T12:34:16","modified_gmt":"2025-05-16T18:34:16","slug":"condena-citlalli-hernandez-difusion-de-video-del-feminicidio-de-valeria-marquez","status":"publish","type":"post","link":"https:\/\/nvnoticias.mx\/index.php\/2025\/05\/16\/condena-citlalli-hernandez-difusion-de-video-del-feminicidio-de-valeria-marquez\/","title":{"rendered":"Condena Citlalli Hern\u00e1ndez difusi\u00f3n de video del feminicidio de Valeria M\u00e1rquez"},"content":{"rendered":"\n<p>Citlalli Hern\u00e1ndez Mora, titular de la Secretar\u00eda de las Mujeres conden\u00f3 la difusi\u00f3n del video del feminicidio de influencer Valeria M\u00e1rquez.<\/p>\n\n\n\n<p>En sus cuentas de redes sociales escribi\u00f3: \u201cla muerte de Valeria M\u00e1rquez es doblemente dolorosa: adem\u00e1s de tratarse de un feminicidio, es brutal la revictimizaci\u00f3n por parte de los medios de comunicaci\u00f3n que difundieron el video de su feminicidio.\u201d<\/p>\n\n\n\n<p>Remarc\u00f3 que \u201cla apolog\u00eda del feminicidio no deber\u00eda formar parte del contenido en plataformas digitales.\u201d<\/p>\n\n\n\n<p>Sostuvo que desde la dependencia a su cargo se trabaja en una propuesta para emprender un di\u00e1logo con comunicadores y medios de comunicaci\u00f3n para \u201crealizar coberturas que no revictimicen ni hagan apolog\u00eda de la violencia hacia las mujeres.\u201d<\/p>\n\n\n\n<p>Detall\u00f3 que combatir la violencia de g\u00e9nero es responsabilidad de toda la sociedad, y por supuesto de las autoridades que deben procurar justicia para detener la impunidad.<\/p>\n\n\n\n<p>La secretaria expres\u00f3 su solidaridad con los familiares de Valeria, que no s\u00f3lo est\u00e1n sufriendo la muerte de un ser querido, sino tambi\u00e9n el lucro que se ha generado.<\/p>\n\n\n\n<p>Fuente: La <a href=\"https:\/\/www.jornada.com.mx\/noticia\/2025\/05\/15\/politica\/condena-citlalli-hernandez-difusion-de-video-del-feminicidio-de-valeria-marquez\">Jornada<\/a><\/p>\n\n\n\n<p><\/p>\n","protected":false},"excerpt":{"rendered":"<p>Citlalli Hern\u00e1ndez Mora, titular de la Secretar\u00eda de las Mujeres conden\u00f3 la difusi\u00f3n del video del feminicidio de influencer Valeria M\u00e1rquez. En sus cuentas de redes sociales escribi\u00f3: \u201cla muerte de Valeria M\u00e1rquez es doblemente dolorosa: adem\u00e1s de tratarse de un feminicidio, es brutal la revictimizaci\u00f3n por parte de los medios de comunicaci\u00f3n que difundieron [&hellip;]<\/p>\n","protected":false},"author":35,"featured_media":182798,"comment_status":"open","ping_status":"open","sticky":false,"template":"","format":"standard","meta":{"_monsterinsights_skip_tracking":false,"_monsterinsights_sitenote_active":false,"_monsterinsights_sitenote_note":"","_monsterinsights_sitenote_category":0,"footnotes":""},"categories":[158],"tags":[19406,31921],"class_list":["post-182796","post","type-post","status-publish","format-standard","has-post-thumbnail","hentry","category-politica","tag-citlalli-hernandez","tag-valeria-marquez","wp-image-borders"],"amp_enabled":true,"_links":{"self":[{"href":"https:\/\/nvnoticias.mx\/index.php\/wp-json\/wp\/v2\/posts\/182796","targetHints":{"allow":["GET"]}}],"collection":[{"href":"https:\/\/nvnoticias.mx\/index.php\/wp-json\/wp\/v2\/posts"}],"about":[{"href":"https:\/\/nvnoticias.mx\/index.php\/wp-json\/wp\/v2\/types\/post"}],"author":[{"embeddable":true,"href":"https:\/\/nvnoticias.mx\/index.php\/wp-json\/wp\/v2\/users\/35"}],"replies":[{"embeddable":true,"href":"https:\/\/nvnoticias.mx\/index.php\/wp-json\/wp\/v2\/comments?post=182796"}],"version-history":[{"count":3,"href":"https:\/\/nvnoticias.mx\/index.php\/wp-json\/wp\/v2\/posts\/182796\/revisions"}],"predecessor-version":[{"id":182801,"href":"https:\/\/nvnoticias.mx\/index.php\/wp-json\/wp\/v2\/posts\/182796\/revisions\/182801"}],"wp:featuredmedia":[{"embeddable":true,"href":"https:\/\/nvnoticias.mx\/index.php\/wp-json\/wp\/v2\/media\/182798"}],"wp:attachment":[{"href":"https:\/\/nvnoticias.mx\/index.php\/wp-json\/wp\/v2\/media?parent=182796"}],"wp:term":[{"taxonomy":"category","embeddable":true,"href":"https:\/\/nvnoticias.mx\/index.php\/wp-json\/wp\/v2\/categories?post=182796"},{"taxonomy":"post_tag","embeddable":true,"href":"https:\/\/nvnoticias.mx\/index.php\/wp-json\/wp\/v2\/tags?post=182796"}],"curies":[{"name":"wp","href":"https:\/\/api.w.org\/{rel}","templated":true}]}}