{"id":182702,"date":"2025-05-15T12:15:09","date_gmt":"2025-05-15T18:15:09","guid":{"rendered":"https:\/\/nvnoticias.mx\/?p=182702"},"modified":"2025-05-15T12:15:11","modified_gmt":"2025-05-15T18:15:11","slug":"habra-una-evaluacion-de-los-efectos-positivos-o-no-del-tmec-en-proxima-revision-ebrard","status":"publish","type":"post","link":"https:\/\/nvnoticias.mx\/index.php\/2025\/05\/15\/habra-una-evaluacion-de-los-efectos-positivos-o-no-del-tmec-en-proxima-revision-ebrard\/","title":{"rendered":"Habr\u00e1 una evaluaci\u00f3n de los efectos positivos o no del TMEC en pr\u00f3xima revisi\u00f3n: Ebrard"},"content":{"rendered":"\n<p>En el segundo semestre del a\u00f1o iniciar\u00e1n las consultas sobre la revisi\u00f3n del Tratado M\u00e9xico, Estados Unidos, Canad\u00e1, que tendr\u00e1 lugar en 2026, inform\u00f3 el secretario de Econom\u00eda, Marcelo Ebrard.<\/p>\n\n\n\n<p>\u201cEl tratado est\u00e1 acordado; Estados Unidos tiene que iniciar consultas en octubre de este a\u00f1o y nosotros tambi\u00e9n. Se hace una evaluaci\u00f3n de los efectos positivos o no que ha tenido (el acuerdo) y eso concluye en el 26\u201d, sostuvo en la ma\u00f1anera del pueblo.<\/p>\n\n\n\n<p>Consider\u00f3 que despu\u00e9s, tambi\u00e9n en el segundo semestre del a\u00f1o, empezar\u00e1n a trabajar una negociaci\u00f3n.<\/p>\n\n\n\n<p>\u201cVa a ser el momento en que tenemos que iniciar ese proceso. A partir de esas fechas, estimamos que vamos a tener un di\u00e1logo muy importante en torno al tratado, en el que tambi\u00e9n va a participar Canad\u00e1, con su nuevo gobierno, y por otro lado, ponernos de acuerdo en cuales son los temas que queremos abordar con m\u00e1s fuerza.<\/p>\n\n\n\n<p>Por otro lado, Ebrard consider\u00f3 que \u201cno tendr\u00edamos un impacto sensible\u201d, aunque \u201cs\u00ed crea dificultades\u201d, la restricci\u00f3n de 15 d\u00edas que impuso al ingreso de ganado a Estados Unidos por el gusano barrenador.<\/p>\n\n\n\n<p>Dijo que la pr\u00f3xima semana viajar\u00e1 a Washington para una reuni\u00f3n m\u00e1s con el secretario de Comercio, \u201cy vamos a comentar seguramente este tema\u201d.<\/p>\n\n\n\n<p>Fuente: La <a href=\"https:\/\/www.jornada.com.mx\/noticia\/2025\/05\/15\/economia\/en-segundo-semestre-de-2025-iniciaran-consultas-del-tmec-marcelo-ebrard\">Jornada<\/a> <\/p>\n\n\n\n<p><\/p>\n","protected":false},"excerpt":{"rendered":"<p>En el segundo semestre del a\u00f1o iniciar\u00e1n las consultas sobre la revisi\u00f3n del Tratado M\u00e9xico, Estados Unidos, Canad\u00e1, que tendr\u00e1 lugar en 2026, inform\u00f3 el secretario de Econom\u00eda, Marcelo Ebrard. \u201cEl tratado est\u00e1 acordado; Estados Unidos tiene que iniciar consultas en octubre de este a\u00f1o y nosotros tambi\u00e9n. Se hace una evaluaci\u00f3n de los efectos [&hellip;]<\/p>\n","protected":false},"author":35,"featured_media":182705,"comment_status":"open","ping_status":"open","sticky":false,"template":"","format":"standard","meta":{"_monsterinsights_skip_tracking":false,"_monsterinsights_sitenote_active":false,"_monsterinsights_sitenote_note":"","_monsterinsights_sitenote_category":0,"footnotes":""},"categories":[158],"tags":[391,3163],"class_list":["post-182702","post","type-post","status-publish","format-standard","has-post-thumbnail","hentry","category-politica","tag-marcelo-ebrard","tag-t-mec","wp-image-borders"],"amp_enabled":true,"_links":{"self":[{"href":"https:\/\/nvnoticias.mx\/index.php\/wp-json\/wp\/v2\/posts\/182702","targetHints":{"allow":["GET"]}}],"collection":[{"href":"https:\/\/nvnoticias.mx\/index.php\/wp-json\/wp\/v2\/posts"}],"about":[{"href":"https:\/\/nvnoticias.mx\/index.php\/wp-json\/wp\/v2\/types\/post"}],"author":[{"embeddable":true,"href":"https:\/\/nvnoticias.mx\/index.php\/wp-json\/wp\/v2\/users\/35"}],"replies":[{"embeddable":true,"href":"https:\/\/nvnoticias.mx\/index.php\/wp-json\/wp\/v2\/comments?post=182702"}],"version-history":[{"count":4,"href":"https:\/\/nvnoticias.mx\/index.php\/wp-json\/wp\/v2\/posts\/182702\/revisions"}],"predecessor-version":[{"id":182707,"href":"https:\/\/nvnoticias.mx\/index.php\/wp-json\/wp\/v2\/posts\/182702\/revisions\/182707"}],"wp:featuredmedia":[{"embeddable":true,"href":"https:\/\/nvnoticias.mx\/index.php\/wp-json\/wp\/v2\/media\/182705"}],"wp:attachment":[{"href":"https:\/\/nvnoticias.mx\/index.php\/wp-json\/wp\/v2\/media?parent=182702"}],"wp:term":[{"taxonomy":"category","embeddable":true,"href":"https:\/\/nvnoticias.mx\/index.php\/wp-json\/wp\/v2\/categories?post=182702"},{"taxonomy":"post_tag","embeddable":true,"href":"https:\/\/nvnoticias.mx\/index.php\/wp-json\/wp\/v2\/tags?post=182702"}],"curies":[{"name":"wp","href":"https:\/\/api.w.org\/{rel}","templated":true}]}}