{"id":182449,"date":"2025-05-13T13:02:16","date_gmt":"2025-05-13T19:02:16","guid":{"rendered":"https:\/\/nvnoticias.mx\/?p=182449"},"modified":"2025-05-13T13:02:18","modified_gmt":"2025-05-13T19:02:18","slug":"al-menos-1-millon-336-mil-estudiantes-han-sido-valorados-por-estrategia-vive-saludable-imss","status":"publish","type":"post","link":"https:\/\/nvnoticias.mx\/index.php\/2025\/05\/13\/al-menos-1-millon-336-mil-estudiantes-han-sido-valorados-por-estrategia-vive-saludable-imss\/","title":{"rendered":"Al menos 1 mill\u00f3n 336 mil estudiantes han sido valorados por estrategia Vive Saludable: IMSS"},"content":{"rendered":"\n<p>A dos meses del inicio de la Estrategia Vive Saludable, un mill\u00f3n 336 mil 916 alumnos en el pa\u00eds han sido valorados en peso, talla, salud bucal y visual, inform\u00f3 el director general del Instituto Mexicano del Seguro Social (IMSS), Zoe Robledo.&nbsp;<\/p>\n\n\n\n<p>Al participar en la LXIII Reuni\u00f3n Nacional Plenaria del Consejo Nacional de Autoridades Educativas (Conaedu), destac\u00f3 que se han visitado 7 mil 808 primaria p\u00fablicas, con el apoyo de 7 mil 744 brigadistas del IMSS.&nbsp;<\/p>\n\n\n\n<p>En el acto, encabezado por el secretario de Educaci\u00f3n P\u00fablica, Mario Delgado, el subsecretario de Pol\u00edticas de Salud y Bienestar Poblacional de la Secretar\u00eda de Salud, doctor Ramiro L\u00f3pez Elizalde, destac\u00f3 la importancia de proteger la salud integral de las infancias y de que cuenten con &#8220;entornos que protejan su dignidad&#8221;.<\/p>\n\n\n\n<p>&#8220;Nos encontramos frente a momento crucial, tenemos la obligaci\u00f3n moral de transformar los estilos de vida de las nuevas generaciones desde ra\u00edz, y para lograrlo necesitamos caminar juntos, salud y educaci\u00f3n, mano a mano. (&#8230;) No hay mejor medicina preventiva que una buena alimentaci\u00f3n desde la infancia&#8221;, destac\u00f3 el funcionario, quien se\u00f1al\u00f3 que cuando el &#8220;mercado se convierte en juez de lo que comemos, el Estado tiene la obligaci\u00f3n moral de intervenir&#8221;.&nbsp;<\/p>\n\n\n\n<p>Luego de destacar la importancia de acciones como los nuevos lineamientos que proh\u00edben la venta de productos ultraprocesados al interior de las escuelas, subray\u00f3 que junto con otras iniciativas como el etiquetado frontal de advertencia, se est\u00e1n generando cambios. Prueba de ello, dijo, es que el consumo per capita de bebidas azucaradas entre los mexicanos, baj\u00f3 de 168 a 150 litros.&nbsp;<\/p>\n\n\n\n<p>En cuanto a las acciones en las escuelas, Robledo indic\u00f3 que con los avances alcanzados, se ha podido detectar que 20 por ciento de la poblaci\u00f3n &nbsp;escolar sufre obesidad, y otro 20 por ciento sobrepeso. A ello se suma, que de los menores valorados a la fecha, 8 por ciento reporta bajo peso.<\/p>\n\n\n\n<p>Entre los hallazgos m\u00e1s relevantes, dijo, es que 33 por ciento de los ni\u00f1os evaluados est\u00e1n fuera del rango visual, cifra mucho mayor a lo esperado. Destac\u00f3 el uso de pantallas como un posible factor de incidencia para que m\u00e1s ni\u00f1os reporten la necesidad de usar lentes.<\/p>\n\n\n\n<p>El titular de la SEP, llam\u00f3 a las autoridades educativas del pa\u00eds a fortalecer el apoyo a la estrategia Vida Saludable, y agilizar la captura y env\u00edo de datos de las escuelas que han sido visitadas, porque el sector salud &#8220;est\u00e1 cumpliendo, y somos nosotros los que &nbsp;nos falta apretar m\u00e1s&#8221;.<\/p>\n\n\n\n<p>En la agenda de temas que se abordar\u00e1n en la sesi\u00f3n de Conaedu, que se realiza a puerta cerrada, se incluyen los avances del programa la Escuela es Nuestra en bachillerato, as\u00ed como la aplicaci\u00f3n del nuevo modelo curricular en la educaci\u00f3n media superior, entre otros.<\/p>\n\n\n\n<p>Fuente: La <a href=\"https:\/\/www.jornada.com.mx\/noticia\/2025\/05\/13\/sociedad\/al-menos-1-millon-336-mil-estudiantes-han-sido-valorados-por-estrategia-vive-saludable-imss\">Jornada<\/a><\/p>\n\n\n\n<p><br><\/p>\n\n\n\n<p><\/p>\n","protected":false},"excerpt":{"rendered":"<p>A dos meses del inicio de la Estrategia Vive Saludable, un mill\u00f3n 336 mil 916 alumnos en el pa\u00eds han sido valorados en peso, talla, salud bucal y visual, inform\u00f3 el director general del Instituto Mexicano del Seguro Social (IMSS), Zoe Robledo.&nbsp; Al participar en la LXIII Reuni\u00f3n Nacional Plenaria del Consejo Nacional de Autoridades [&hellip;]<\/p>\n","protected":false},"author":35,"featured_media":182450,"comment_status":"open","ping_status":"open","sticky":false,"template":"","format":"standard","meta":{"_monsterinsights_skip_tracking":false,"_monsterinsights_sitenote_active":false,"_monsterinsights_sitenote_note":"","_monsterinsights_sitenote_category":0,"footnotes":""},"categories":[157],"tags":[365],"class_list":["post-182449","post","type-post","status-publish","format-standard","has-post-thumbnail","hentry","category-nacional","tag-imss","wp-image-borders"],"amp_enabled":true,"_links":{"self":[{"href":"https:\/\/nvnoticias.mx\/index.php\/wp-json\/wp\/v2\/posts\/182449","targetHints":{"allow":["GET"]}}],"collection":[{"href":"https:\/\/nvnoticias.mx\/index.php\/wp-json\/wp\/v2\/posts"}],"about":[{"href":"https:\/\/nvnoticias.mx\/index.php\/wp-json\/wp\/v2\/types\/post"}],"author":[{"embeddable":true,"href":"https:\/\/nvnoticias.mx\/index.php\/wp-json\/wp\/v2\/users\/35"}],"replies":[{"embeddable":true,"href":"https:\/\/nvnoticias.mx\/index.php\/wp-json\/wp\/v2\/comments?post=182449"}],"version-history":[{"count":3,"href":"https:\/\/nvnoticias.mx\/index.php\/wp-json\/wp\/v2\/posts\/182449\/revisions"}],"predecessor-version":[{"id":182453,"href":"https:\/\/nvnoticias.mx\/index.php\/wp-json\/wp\/v2\/posts\/182449\/revisions\/182453"}],"wp:featuredmedia":[{"embeddable":true,"href":"https:\/\/nvnoticias.mx\/index.php\/wp-json\/wp\/v2\/media\/182450"}],"wp:attachment":[{"href":"https:\/\/nvnoticias.mx\/index.php\/wp-json\/wp\/v2\/media?parent=182449"}],"wp:term":[{"taxonomy":"category","embeddable":true,"href":"https:\/\/nvnoticias.mx\/index.php\/wp-json\/wp\/v2\/categories?post=182449"},{"taxonomy":"post_tag","embeddable":true,"href":"https:\/\/nvnoticias.mx\/index.php\/wp-json\/wp\/v2\/tags?post=182449"}],"curies":[{"name":"wp","href":"https:\/\/api.w.org\/{rel}","templated":true}]}}