{"id":182037,"date":"2025-05-09T09:20:50","date_gmt":"2025-05-09T15:20:50","guid":{"rendered":"https:\/\/nvnoticias.mx\/?p=182037"},"modified":"2025-05-09T09:20:52","modified_gmt":"2025-05-09T15:20:52","slug":"el-fuego-amigo-a-rocio-nahle","status":"publish","type":"post","link":"https:\/\/nvnoticias.mx\/index.php\/2025\/05\/09\/el-fuego-amigo-a-rocio-nahle\/","title":{"rendered":"El &#8220;Fuego amigo&#8221; a Roc\u00edo Nahle"},"content":{"rendered":"\n<p><\/p>\n\n\n\n<p><strong>Ricardo Chua<\/strong><\/p>\n\n\n\n<p>Cuenta &#8220;Garganta Profunda&#8221; que a partir de que la gobernadora de Veracruz Roc\u00edo Nahle, dio la instrucci\u00f3n de denunciar a los funcionarios de la Secretar\u00eda de Salud del gobierno de Cuitl\u00e1huac Garc\u00eda Jim\u00e9nez.. Despu\u00e9s de las revisiones hechas por la Auditor\u00eda Superior de la Federaci\u00f3n (ASF) y que resaltan un faltante por m\u00e1s de 200 millones de pesos del ejercicio fiscal del 2023.. Se &#8220;desat\u00f3&#8221; una serie de ataques en su contra en varios medios de comunicaci\u00f3n a nivel nacional, en contra de ella y su familia.. Principalmente en contra de su yerno, Fernando Bilbao Arrieta..<\/p>\n\n\n\n<p>De esos se\u00f1alamientos tambi\u00e9n vino el &#8220;golpeteo&#8221; en redes sociales.. Pero seg\u00fan comentan, que los se\u00f1alamientos en contra de Roc\u00edo Nahle y su familia.. Tienen nombre y apellido, donde mencionan que el principal operador de ese &#8220;fuego amigo&#8221; a la gobernadora, es el diputado federal, ex subsecretario de Finanzas del gobierno de Cuitl\u00e1huac Garc\u00eda y primo del ex gobernador, Eleazar Guerrero P\u00e9rez.. Ya que Eduardo Sisniega, al ex funcionario de Salud, que tienen en la mira, es muy cercano a Guerrero P\u00e9rez.. Motivo por el cual, el legislador de MORENA empez\u00f3 el ataque a Nahle con lo de su yerno.. ABROOOONN<\/p>\n\n\n\n<p>Dentro de Palacio Nacional y la misma c\u00e1mara de diputados federales.. Se rumora que presuntamente &#8220;El Primo&#8221; Eleazar est\u00e1 financiado esta campa\u00f1a medi\u00e1tica para exponer a Roc\u00edo Nahle y Fernando Bilbao, con supuestos contratos de la compra de medicamentos en el gobierno federal de Andr\u00e9s Manuel L\u00f3pez Obrador.. Se dice que como ya la vieron cerca.. Y que la cosa viene en serio.. Los &#8220;Cuitlahuistas&#8221; van ocupar esta forma de contestarle a la gobernadora por cada denuncia que esta les ponga, por el desfalco a las arcas p\u00fablicas de Veracruz o da\u00f1o patrimonial.. Pero dicen que Nahle va con todo.. AMEN..<\/p>\n\n\n\n<p>PVEM A LA ALZA EN TUXPAN.. A pesar de todo lo pol\u00e9mico que puede ser el candidato del PVEM a la alcald\u00eda de Tuxpan, Alberto Silva Ramos &#8220;El Cisne&#8221;.. Ha quedado demostrado que despu\u00e9s de esta primera semana de campa\u00f1a en ese municipio norte\u00f1o.. En donde se vive una situaci\u00f3n dif\u00edcil de inseguridad.. Que los &#8220;bonos&#8221; de este pol\u00edtico &#8220;Verde&#8221; contin\u00faan en alta en ese lugar.. La sociedad lo recuerda muy bien porque les meti\u00f3 la mayor obra p\u00fablica de los \u00faltimos 30 a\u00f1os en esa ciudad.. Lo acusaron de haber gastado un &#8220;chingo&#8221; pero el pueblo qued\u00f3 contento con lo que les dej\u00f3.. Un Tuxpan comunicado.. Y eso que tiene 12 a\u00f1os de haber dejado la alcald\u00eda..<\/p>\n\n\n\n<p>Silva Ramos tuvo que luchar con todo y contra todos para lograr alcanzar la candidatura del PVEM en este municipio.. Primero le negaron la coalici\u00f3n con MORENA porque \u00e9l era el candidato.. Manuel Velasco y Javier Herrera Borunda, no se intimidaron ante la presi\u00f3n que ten\u00edan en Veracruz y lo sostuvieron contra &#8220;viento y marea&#8221;.. A pesar de que les &#8220;reventaron&#8221; la coalici\u00f3n, las encuestas mostraron que &#8220;El Cisne&#8221; era el pol\u00edtico m\u00e1s conocido, popular y con m\u00e1s aceptaci\u00f3n en esa ciudad.. Se mantuvo y ahora esos n\u00fameros le dan la raz\u00f3n al PVEM, el famoso &#8220;Beto&#8221; va arriba en las preferencias electorales.. Y eso es m\u00e1s que evidente..<\/p>\n\n\n\n<p>Adem\u00e1s en Tuxpan tambi\u00e9n ya se hizo p\u00fablico el &#8220;rompimiento&#8221; que hay al interior de MORENA entre el candidato a la alcald\u00eda, Daniel Cortina Mart\u00ednez, con su &#8220;jefe&#8221; y &#8220;padrino&#8221; pol\u00edtico, qui\u00e9n fue \u00e9l que lo puso ah\u00ed de aspirante oficial de los &#8220;Morenos&#8221;.. Pero las versiones de los tuxpe\u00f1os, que tambi\u00e9n les encanta el &#8220;chisme&#8221; fue que Cortina, por su inexperiencia pol\u00edtica, empez\u00f3 a no hacer caso a lo que le dec\u00edan de Xalapa.. Se la crey\u00f3 que \u00e9l solo pod\u00eda y que la &#8220;marca&#8221; lo sacar\u00eda.. Pero eso fue un error.. El poder pol\u00edtico lo controla su &#8220;padrino&#8221; y ahora en desquite, dicen que est\u00e1 detr\u00e1s del candidato del PT, Miguel \u00c1ngel Elizalde, el cual &#8220;erosiona&#8221; el voto de MORENA..<\/p>\n\n\n\n<p>Ante esa situaci\u00f3n, ahora la labor del &#8220;Cisne&#8221; es conservar la ventaja, administrar lo ganado y seguir caminando para levantar a su favor ese des\u00e1nimo popular que hay en MORENA, por estas situaciones al interior de su partido, y que ellos se vayan con \u00e9l a fortalecer su campa\u00f1a.. Tal como hizo con el PAN que los operadores reales del panismo, no aceptaron a Juan Ram\u00f3n Ganem Vargas como su candidato a alcalde.. Y se unieron a la &#8220;cruzada&#8221; de &#8220;El Cisne&#8221;.. Lo mismo pas\u00f3 con muchos priistas y ex perredistas, que lo vieron como una opci\u00f3n real.. En pocas palabras ese municipio se &#8220;pinta&#8221; de &#8220;verde&#8221; en 21 d\u00edas que son las elecciones.. CONSUMATUM EST..<\/p>\n\n\n\n<p>LOS &#8220;BELLACOS&#8221; DE PATROCINIO.. Cuentan las &#8220;lenguas de doble filo&#8221; que ya despu\u00e9s de haberse exhibido en p\u00fablico en sus redes sociales.. De que ya anda por tierras veracruzanas, el ex secretario de Gobierno de Cuitl\u00e1huac Garc\u00eda, el que le disput\u00f3 a Roc\u00edo Nahle la candidatura a gobernador por MORENA, Eric Patrocinio Cisneros Burgos.. Ya ha sostenido reuniones con personajes que fueron muy cercanos a \u00e9l cuando el &#8220;poder detr\u00e1s del trono&#8221; del gobierno de Veracruz.. Se\u00f1alan que su residencia en Coatepec, han desfilado varios de ellos, nadie sabe para qu\u00e9.. Si para pactar tregua, perd\u00f3n y olvido o simplemente para tomar un caf\u00e9..<\/p>\n\n\n\n<p>Pero lo que a ciencia cierta, nadie sabe, ni siquiera sus &#8220;bellacos&#8221;, es en realidad a qu\u00e9 vino Patrocinio a Veracruz.. Ya que uno de sus m\u00e1s cercanos colaboradores dice que \u00e9l no se hubiera aparecido, si quisiera estar viviendo en el Estado, no al menos, en el marco legal de este proceso electoral.. Salvo que tuviera buenos motivos.. Ni siquiera aunque anduviera operando con candidatos a alcaldes.. Si as\u00ed fuera, lo hubiera hecho de manera discreta.. Por eso aun no se entiende, ya que lo que ha subido ha sido muy ambiguo, comprando tomates, pescado y acudiendo a la iglesia.. Puede ser cierto.. Pero en pol\u00edtica, las casualidades no existen..<\/p>\n\n\n\n<p>Ya que entre los rumores que se cuentan en la Cuenca del Papaloapan.. Es que Patrocinio est\u00e1 haciendo su aparici\u00f3n en Veracruz.. Pero la realidad, es que si se encuentra haciendo campa\u00f1a con varios candidatos de MORENA de esa regi\u00f3n.. No sabemos con o sin permiso, pero dicen que ah\u00ed anda ayudando en lo que sabe hacer.. Que es &#8220;apretar&#8221;.. Entre los contendientes morenistas, que dicen est\u00e1 apoyando, se encuentran el de Tlacotalpan, Christian Romero y de pas\u00f3 mand\u00f3 a algunos de sus operadores a &#8220;echarle la mano&#8221; en las comunidades del sur de Alvarado a Polo Deschamps.. En Veracruz, s\u00f3lo no se sabe, lo que no ha pasado.. EL QUE ENTENDI\u00d3, LO ENTENDI\u00d3..<\/p>\n","protected":false},"excerpt":{"rendered":"<p>Ricardo Chua Cuenta &#8220;Garganta Profunda&#8221; que a partir de que la gobernadora de Veracruz Roc\u00edo Nahle, dio la instrucci\u00f3n de denunciar a los funcionarios de la Secretar\u00eda de Salud del gobierno de Cuitl\u00e1huac Garc\u00eda Jim\u00e9nez.. Despu\u00e9s de las revisiones hechas por la Auditor\u00eda Superior de la Federaci\u00f3n (ASF) y que resaltan un faltante por m\u00e1s [&hellip;]<\/p>\n","protected":false},"author":29,"featured_media":182038,"comment_status":"open","ping_status":"open","sticky":false,"template":"","format":"standard","meta":{"_monsterinsights_skip_tracking":false,"_monsterinsights_sitenote_active":false,"_monsterinsights_sitenote_note":"","_monsterinsights_sitenote_category":0,"footnotes":""},"categories":[245],"tags":[327],"class_list":["post-182037","post","type-post","status-publish","format-standard","has-post-thumbnail","hentry","category-dialogos-de-poder","tag-ricardo-chua","wp-image-borders"],"amp_enabled":true,"_links":{"self":[{"href":"https:\/\/nvnoticias.mx\/index.php\/wp-json\/wp\/v2\/posts\/182037","targetHints":{"allow":["GET"]}}],"collection":[{"href":"https:\/\/nvnoticias.mx\/index.php\/wp-json\/wp\/v2\/posts"}],"about":[{"href":"https:\/\/nvnoticias.mx\/index.php\/wp-json\/wp\/v2\/types\/post"}],"author":[{"embeddable":true,"href":"https:\/\/nvnoticias.mx\/index.php\/wp-json\/wp\/v2\/users\/29"}],"replies":[{"embeddable":true,"href":"https:\/\/nvnoticias.mx\/index.php\/wp-json\/wp\/v2\/comments?post=182037"}],"version-history":[{"count":1,"href":"https:\/\/nvnoticias.mx\/index.php\/wp-json\/wp\/v2\/posts\/182037\/revisions"}],"predecessor-version":[{"id":182039,"href":"https:\/\/nvnoticias.mx\/index.php\/wp-json\/wp\/v2\/posts\/182037\/revisions\/182039"}],"wp:featuredmedia":[{"embeddable":true,"href":"https:\/\/nvnoticias.mx\/index.php\/wp-json\/wp\/v2\/media\/182038"}],"wp:attachment":[{"href":"https:\/\/nvnoticias.mx\/index.php\/wp-json\/wp\/v2\/media?parent=182037"}],"wp:term":[{"taxonomy":"category","embeddable":true,"href":"https:\/\/nvnoticias.mx\/index.php\/wp-json\/wp\/v2\/categories?post=182037"},{"taxonomy":"post_tag","embeddable":true,"href":"https:\/\/nvnoticias.mx\/index.php\/wp-json\/wp\/v2\/tags?post=182037"}],"curies":[{"name":"wp","href":"https:\/\/api.w.org\/{rel}","templated":true}]}}