{"id":1820,"date":"2021-01-20T13:46:47","date_gmt":"2021-01-20T19:46:47","guid":{"rendered":"https:\/\/nvnoticias.mx\/?p=1820"},"modified":"2021-01-20T13:46:48","modified_gmt":"2021-01-20T19:46:48","slug":"una-de-las-prioridades-de-biden-sera-detener-la-construccion-del-muro-fronterizo-con-mexico","status":"publish","type":"post","link":"https:\/\/nvnoticias.mx\/index.php\/2021\/01\/20\/una-de-las-prioridades-de-biden-sera-detener-la-construccion-del-muro-fronterizo-con-mexico\/","title":{"rendered":"Una de las prioridades de Biden ser\u00e1 detener la construcci\u00f3n del muro fronterizo con M\u00e9xico"},"content":{"rendered":"\n<p>A trav\u00e9s de un comunicado difundido por el equipo de transici\u00f3n de Joe Biden, precis\u00f3 que el ahora presidente de Estados Unidos  incluir\u00e1 entre sus primeras \u00f3rdenes ejecutivas el regreso a la Organizaci\u00f3n Mundial de la Salud (OMS) y al Acuerdo de Par\u00eds contra el cambio clim\u00e1tico.\u00a0<\/p>\n\n\n\n<p>Adem\u00e1s impulsar la igualdad, la justicia racial y la defensa de las minor\u00edas, as\u00ed como poner freno de manera inmediata a la construcci\u00f3n del\u00a0<strong>muro fronterizo<\/strong>\u00a0con\u00a0<strong>M\u00e9xico\u00a0<\/strong>son los objetivos de otras medidas que, en forma de \u00f3rdenes ejecutivas, directrices, memorandos o cartas, adoptar\u00e1\u00a0<strong>Biden<\/strong>.\u00a0<\/p>\n\n\n\n<p>Precisa que la nueva Administraci\u00f3n suspender\u00e1 adem\u00e1s el veto de entrada a residentes de ciertos pa\u00edses musulmanes.\u00a0<\/p>\n","protected":false},"excerpt":{"rendered":"<p>A trav\u00e9s de un comunicado difundido por el equipo de transici\u00f3n de Joe Biden, precis\u00f3 que el ahora presidente de Estados Unidos incluir\u00e1 entre sus primeras \u00f3rdenes ejecutivas el regreso a la Organizaci\u00f3n Mundial de la Salud (OMS) y al Acuerdo de Par\u00eds contra el cambio clim\u00e1tico.\u00a0 Adem\u00e1s impulsar la igualdad, la justicia racial y [&hellip;]<\/p>\n","protected":false},"author":6,"featured_media":1821,"comment_status":"open","ping_status":"open","sticky":false,"template":"","format":"standard","meta":{"_monsterinsights_skip_tracking":false,"_monsterinsights_sitenote_active":false,"_monsterinsights_sitenote_note":"","_monsterinsights_sitenote_category":0,"footnotes":""},"categories":[181],"tags":[183,292,591,162],"class_list":["post-1820","post","type-post","status-publish","format-standard","has-post-thumbnail","hentry","category-internacional","tag-estados-unidos","tag-mexico","tag-muro-fronterizo","tag-portada","wp-image-borders"],"amp_enabled":true,"_links":{"self":[{"href":"https:\/\/nvnoticias.mx\/index.php\/wp-json\/wp\/v2\/posts\/1820","targetHints":{"allow":["GET"]}}],"collection":[{"href":"https:\/\/nvnoticias.mx\/index.php\/wp-json\/wp\/v2\/posts"}],"about":[{"href":"https:\/\/nvnoticias.mx\/index.php\/wp-json\/wp\/v2\/types\/post"}],"author":[{"embeddable":true,"href":"https:\/\/nvnoticias.mx\/index.php\/wp-json\/wp\/v2\/users\/6"}],"replies":[{"embeddable":true,"href":"https:\/\/nvnoticias.mx\/index.php\/wp-json\/wp\/v2\/comments?post=1820"}],"version-history":[{"count":1,"href":"https:\/\/nvnoticias.mx\/index.php\/wp-json\/wp\/v2\/posts\/1820\/revisions"}],"predecessor-version":[{"id":1822,"href":"https:\/\/nvnoticias.mx\/index.php\/wp-json\/wp\/v2\/posts\/1820\/revisions\/1822"}],"wp:featuredmedia":[{"embeddable":true,"href":"https:\/\/nvnoticias.mx\/index.php\/wp-json\/wp\/v2\/media\/1821"}],"wp:attachment":[{"href":"https:\/\/nvnoticias.mx\/index.php\/wp-json\/wp\/v2\/media?parent=1820"}],"wp:term":[{"taxonomy":"category","embeddable":true,"href":"https:\/\/nvnoticias.mx\/index.php\/wp-json\/wp\/v2\/categories?post=1820"},{"taxonomy":"post_tag","embeddable":true,"href":"https:\/\/nvnoticias.mx\/index.php\/wp-json\/wp\/v2\/tags?post=1820"}],"curies":[{"name":"wp","href":"https:\/\/api.w.org\/{rel}","templated":true}]}}