{"id":181955,"date":"2025-05-08T14:57:43","date_gmt":"2025-05-08T20:57:43","guid":{"rendered":"https:\/\/nvnoticias.mx\/?p=181955"},"modified":"2025-05-08T14:57:44","modified_gmt":"2025-05-08T20:57:44","slug":"felicita-sheinbaum-al-nuevo-papa-leon-xiv","status":"publish","type":"post","link":"https:\/\/nvnoticias.mx\/index.php\/2025\/05\/08\/felicita-sheinbaum-al-nuevo-papa-leon-xiv\/","title":{"rendered":"Felicita Sheinbaum al nuevo papa Le\u00f3n XIV"},"content":{"rendered":"\n<p>La presidenta Claudia Sheinbaum Pardo felicit\u00f3 al nuevo papa, Le\u00f3n XIV.<\/p>\n\n\n\n<p>\u201cFelicitamos a su santidad Le\u00f3n XIV, electo por el Colegio Cardenalicio como jefe del Estado de la Ciudad del Vaticano y l\u00edder espiritual de la Iglesia Cat\u00f3lica\u201d.<\/p>\n\n\n\n<p>Ratifico \u201cnuestra convergencia humanista a favor de la paz y la prosperidad en el mundo\u201d, se\u00f1al\u00f3 la mandataria en redes sociales.<\/p>\n","protected":false},"excerpt":{"rendered":"<p>La presidenta Claudia Sheinbaum Pardo felicit\u00f3 al nuevo papa, Le\u00f3n XIV. \u201cFelicitamos a su santidad Le\u00f3n XIV, electo por el Colegio Cardenalicio como jefe del Estado de la Ciudad del Vaticano y l\u00edder espiritual de la Iglesia Cat\u00f3lica\u201d. Ratifico \u201cnuestra convergencia humanista a favor de la paz y la prosperidad en el mundo\u201d, se\u00f1al\u00f3 la [&hellip;]<\/p>\n","protected":false},"author":35,"featured_media":166432,"comment_status":"open","ping_status":"open","sticky":false,"template":"","format":"standard","meta":{"_monsterinsights_skip_tracking":false,"_monsterinsights_sitenote_active":false,"_monsterinsights_sitenote_note":"","_monsterinsights_sitenote_category":0,"footnotes":""},"categories":[157],"tags":[2801,31888,162],"class_list":["post-181955","post","type-post","status-publish","format-standard","has-post-thumbnail","hentry","category-nacional","tag-claudia-sheinbaum","tag-papa-leon-xiv","tag-portada","wp-image-borders"],"amp_enabled":true,"_links":{"self":[{"href":"https:\/\/nvnoticias.mx\/index.php\/wp-json\/wp\/v2\/posts\/181955","targetHints":{"allow":["GET"]}}],"collection":[{"href":"https:\/\/nvnoticias.mx\/index.php\/wp-json\/wp\/v2\/posts"}],"about":[{"href":"https:\/\/nvnoticias.mx\/index.php\/wp-json\/wp\/v2\/types\/post"}],"author":[{"embeddable":true,"href":"https:\/\/nvnoticias.mx\/index.php\/wp-json\/wp\/v2\/users\/35"}],"replies":[{"embeddable":true,"href":"https:\/\/nvnoticias.mx\/index.php\/wp-json\/wp\/v2\/comments?post=181955"}],"version-history":[{"count":2,"href":"https:\/\/nvnoticias.mx\/index.php\/wp-json\/wp\/v2\/posts\/181955\/revisions"}],"predecessor-version":[{"id":181958,"href":"https:\/\/nvnoticias.mx\/index.php\/wp-json\/wp\/v2\/posts\/181955\/revisions\/181958"}],"wp:featuredmedia":[{"embeddable":true,"href":"https:\/\/nvnoticias.mx\/index.php\/wp-json\/wp\/v2\/media\/166432"}],"wp:attachment":[{"href":"https:\/\/nvnoticias.mx\/index.php\/wp-json\/wp\/v2\/media?parent=181955"}],"wp:term":[{"taxonomy":"category","embeddable":true,"href":"https:\/\/nvnoticias.mx\/index.php\/wp-json\/wp\/v2\/categories?post=181955"},{"taxonomy":"post_tag","embeddable":true,"href":"https:\/\/nvnoticias.mx\/index.php\/wp-json\/wp\/v2\/tags?post=181955"}],"curies":[{"name":"wp","href":"https:\/\/api.w.org\/{rel}","templated":true}]}}