{"id":181906,"date":"2025-05-08T10:34:04","date_gmt":"2025-05-08T16:34:04","guid":{"rendered":"https:\/\/nvnoticias.mx\/?p=181906"},"modified":"2025-05-08T10:34:06","modified_gmt":"2025-05-08T16:34:06","slug":"alcalde-de-teuchitlan-tiene-ya-auto-de-formal-prision-fgr","status":"publish","type":"post","link":"https:\/\/nvnoticias.mx\/index.php\/2025\/05\/08\/alcalde-de-teuchitlan-tiene-ya-auto-de-formal-prision-fgr\/","title":{"rendered":"Alcalde de Teuchitl\u00e1n tiene ya auto de formal prisi\u00f3n: FGR"},"content":{"rendered":"\n<p>El fiscal General de la Rep\u00fablica, Alejandro Gertz Manero, inform\u00f3 que ya se le decret\u00f3 formal prisi\u00f3n al alcalde de Teuchitl\u00e1n, Jos\u00e9 Asunci\u00f3n Murgu\u00eda Santiago, detenido el s\u00e1bado pasado por fuerzas federales por su involucramiento en las actividades que realizaba el C\u00e1rtel Jalisco Nueva Generaci\u00f3n (CJNG) en el rancho.&nbsp;<\/p>\n\n\n\n<p>\u201c\u00c9l pidi\u00f3 una pr\u00f3rroga; ma\u00f1ana vamos a continuar con la audiencia y vamos a demostrar con todas las pruebas que tenemos cu\u00e1les son nuestros&nbsp;criterios de responsabilidad penal en este caso\u201d.&nbsp;<\/p>\n\n\n\n<p>Al preguntarle sobre la versi\u00f3n medi\u00e1tica de que el alcalde habr\u00eda entrado al rancho con una bolsa de basura negra con \u00f3rganos humanos para incinerarlos, indic\u00f3 que \u201ctodos los elementos de imputaci\u00f3n, todas las acusaciones y todos los elementos de defensa de esta persona los vamos a ver el d\u00eda de ma\u00f1ana\u201d.<\/p>\n\n\n\n<p>Ah\u00ed, insisti\u00f3, se conocer\u00e1n con toda precisi\u00f3n las pruebas que aport\u00f3 la Fiscal\u00eda General de la Rep\u00fablica y \u201ccu\u00e1les son las pruebas de descargo de esa persona. No quisiera intervenir ahorita en un procedimiento donde hay una audiencia que est\u00e1 en curso\u201d.<\/p>\n\n\n\n<p>Tampoco quiso mencionar si m\u00e1s servidores p\u00fablicos o ex funcionarios son investigados por este tema.<\/p>\n\n\n\n<p>\u201cPor ley, las investigaciones tienen que guardarse bajo secrec\u00eda, porque antes de hacer una acusaci\u00f3n p\u00fablica frente a una autoridad judicial, nosotros tenemos que tener todas las pruebas\u201d, explic\u00f3.<\/p>\n\n\n\n<p>En este caso, sostuvo el fiscal, \u201chemos iniciado esa situaci\u00f3n de responsabilidades penales federales con las autoridades locales\u201d.<br><br>Mencion\u00f3: \u201cya tenemos a cuatro polic\u00edas locales y al jefe de esa unidad procesados y en la c\u00e1rcel; el siguiente paso que hicimos fue llevar al presidente municipal a esta audiencia, que ya es p\u00fablica, en la que todos vamos a poder decir y probar todo lo que tengamos y a partir de ese momento nosotros vamos a continuar\u201d.<\/p>\n\n\n\n<p>Gertz Manero tambi\u00e9n asegur\u00f3 que \u201ctenemos una relaci\u00f3n excelente\u201d con los colectivos de familiares de personas desaparecidas en Jalisco, pero consider\u00f3 que \u201ctienen que probar\u201d su dicho de que con su informe sobre el rancho Izaguirre quer\u00eda desaparecer la verdad.<br>Resalt\u00f3 que la&nbsp; \u201cmuy buena relaci\u00f3n\u201d que hay con los colectivos de familiares de desaparecidos en Jalisco es&nbsp; \u201cgracias al apoyo de la Secretar\u00eda de Gobernaci\u00f3n\u201d.&nbsp;<\/p>\n\n\n\n<p>Dijo: \u201cestamos trabajando juntos, ellos han entrado ya con toda libertad (al rancho); con todo orden han participado en todas las funciones de b\u00fasqueda. Tenemos una relaci\u00f3n excelente\u2026 Estoy hablando\u201d en espec\u00edfico de colectivos de Jalisco\u201d, precis\u00f3.&nbsp;<\/p>\n\n\n\n<p>Se le insisti\u00f3 que le cuestionaron no haberse presentado f\u00edsicamente en el rancho en marzo.&nbsp;<\/p>\n\n\n\n<p>\u201cLo voy a volver a repetir cuantas veces sea necesario. Aqu\u00ed, delante de ustedes, les dije que ese lugar estaba bajo la competencia de las autoridades locales, que si alguien ten\u00eda inter\u00e9s en ir, nosotros les \u00edbamos a pedir permiso a ellos y que si lo daban, les \u00edbamos a dar todo el apoyo.&nbsp;<\/p>\n\n\n\n<p>\u201cNunca, nunca\u00a0 dije\u00a0 lo que s\u00ed dijeron las autoridades de Jalisco, que yo iba a ir: no puedo ir a un lugar que est\u00e1 en la competencia de una autoridad diferente. Eso lo entienden hasta ellos\u201d.<\/p>\n\n\n\n<p>Fuente: La <a href=\"https:\/\/www.jornada.com.mx\/noticia\/2025\/05\/08\/politica\/alcalde-de-teuchitlan-tiene-ya-auto-de-formal-prision-fgr\">Jornada<\/a> <\/p>\n\n\n\n<p><\/p>\n\n\n\n<p><\/p>\n\n\n\n<p><\/p>\n","protected":false},"excerpt":{"rendered":"<p>El fiscal General de la Rep\u00fablica, Alejandro Gertz Manero, inform\u00f3 que ya se le decret\u00f3 formal prisi\u00f3n al alcalde de Teuchitl\u00e1n, Jos\u00e9 Asunci\u00f3n Murgu\u00eda Santiago, detenido el s\u00e1bado pasado por fuerzas federales por su involucramiento en las actividades que realizaba el C\u00e1rtel Jalisco Nueva Generaci\u00f3n (CJNG) en el rancho.&nbsp; \u201c\u00c9l pidi\u00f3 una pr\u00f3rroga; ma\u00f1ana vamos [&hellip;]<\/p>\n","protected":false},"author":35,"featured_media":181907,"comment_status":"open","ping_status":"open","sticky":false,"template":"","format":"standard","meta":{"_monsterinsights_skip_tracking":false,"_monsterinsights_sitenote_active":false,"_monsterinsights_sitenote_note":"","_monsterinsights_sitenote_category":0,"footnotes":""},"categories":[158],"tags":[31731,226,162,31730],"class_list":["post-181906","post","type-post","status-publish","format-standard","has-post-thumbnail","hentry","category-politica","tag-caso-izaguirre","tag-fgr","tag-portada","tag-teuchitlan","wp-image-borders"],"amp_enabled":true,"_links":{"self":[{"href":"https:\/\/nvnoticias.mx\/index.php\/wp-json\/wp\/v2\/posts\/181906","targetHints":{"allow":["GET"]}}],"collection":[{"href":"https:\/\/nvnoticias.mx\/index.php\/wp-json\/wp\/v2\/posts"}],"about":[{"href":"https:\/\/nvnoticias.mx\/index.php\/wp-json\/wp\/v2\/types\/post"}],"author":[{"embeddable":true,"href":"https:\/\/nvnoticias.mx\/index.php\/wp-json\/wp\/v2\/users\/35"}],"replies":[{"embeddable":true,"href":"https:\/\/nvnoticias.mx\/index.php\/wp-json\/wp\/v2\/comments?post=181906"}],"version-history":[{"count":3,"href":"https:\/\/nvnoticias.mx\/index.php\/wp-json\/wp\/v2\/posts\/181906\/revisions"}],"predecessor-version":[{"id":181910,"href":"https:\/\/nvnoticias.mx\/index.php\/wp-json\/wp\/v2\/posts\/181906\/revisions\/181910"}],"wp:featuredmedia":[{"embeddable":true,"href":"https:\/\/nvnoticias.mx\/index.php\/wp-json\/wp\/v2\/media\/181907"}],"wp:attachment":[{"href":"https:\/\/nvnoticias.mx\/index.php\/wp-json\/wp\/v2\/media?parent=181906"}],"wp:term":[{"taxonomy":"category","embeddable":true,"href":"https:\/\/nvnoticias.mx\/index.php\/wp-json\/wp\/v2\/categories?post=181906"},{"taxonomy":"post_tag","embeddable":true,"href":"https:\/\/nvnoticias.mx\/index.php\/wp-json\/wp\/v2\/tags?post=181906"}],"curies":[{"name":"wp","href":"https:\/\/api.w.org\/{rel}","templated":true}]}}