{"id":18190,"date":"2021-07-09T11:33:14","date_gmt":"2021-07-09T16:33:14","guid":{"rendered":"https:\/\/nvnoticias.mx\/?p=18190"},"modified":"2021-07-09T11:33:16","modified_gmt":"2021-07-09T16:33:16","slug":"disney-presenta-encanto-su-nueva-pelicula-animada","status":"publish","type":"post","link":"https:\/\/nvnoticias.mx\/index.php\/2021\/07\/09\/disney-presenta-encanto-su-nueva-pelicula-animada\/","title":{"rendered":"Disney presenta &#8216;Encanto&#8217;, su nueva pel\u00edcula animada"},"content":{"rendered":"\n<p>Este jueves, Disney\u00a0nos sorprendi\u00f3 a todos con la revelaci\u00f3n de su nueva pel\u00edcula: Encanto. Fue mediante las redes sociales que se revel\u00f3 el p\u00f3ster y tr\u00e1iler oficial del nuevo largometraje, el cual estar\u00e1 basado en Colombia. <\/p>\n\n\n\n<p>En el v\u00eddeo se puede conocer la casa de los Madrigal, el cu\u00e1l es un lugar lleno de magia donde todos los integrantes cuentan\u00a0con poderes como telequinesis, s\u00faper fuerza, comunicaci\u00f3n con los animales, transformaci\u00f3n en otras personas, control sobre la naturaleza y las plantas; pero hay una integrante sin un don m\u00e1gico. <\/p>\n\n\n\n<p>Mirabel, es una de las integrantes de la familia que no cuenta con poderes m\u00e1gicos, algo que le recuerdan en m\u00faltiples ocasiones y en lo que recaer\u00e1 la trama de la pel\u00edcula, llena de baile y otros aspectos de la cultura colombiana.<\/p>\n\n\n\n<p>La pel\u00edcula estar\u00e1 disponible el pr\u00f3ximo mes de noviembre, sin una fecha de estreno, s\u00f3lo revelaron que estar\u00e1 &#8220;Muy pronto en cines&#8221;, lo que puede que este disponible con Premiere Access a trav\u00e9s de la plataforma de Disney Plus. <\/p>\n\n\n\n<figure class=\"wp-block-embed is-type-rich is-provider-twitter wp-block-embed-twitter\"><div class=\"wp-block-embed__wrapper\">\n<blockquote class=\"twitter-tweet\" data-width=\"550\" data-dnt=\"true\"><p lang=\"es\" dir=\"ltr\"><a href=\"https:\/\/twitter.com\/hashtag\/DisneyEncanto?src=hash&amp;ref_src=twsrc%5Etfw\">#DisneyEncanto<\/a> llega en noviembre para mostrarnos un fant\u00e1stico para\u00edso natural lleno de maravillas. Descubre la magia de Colombia en esta nueva y emocionante pel\u00edcula de Disney. \u2728 <br><br>Estreno noviembre 2021. <a href=\"https:\/\/t.co\/AUb6TInBL6\">pic.twitter.com\/AUb6TInBL6<\/a><\/p>&mdash; Disney Studios LA (@DisneyStudiosLA) <a href=\"https:\/\/twitter.com\/DisneyStudiosLA\/status\/1413125016808562692?ref_src=twsrc%5Etfw\">July 8, 2021<\/a><\/blockquote><script async src=\"https:\/\/platform.twitter.com\/widgets.js\" charset=\"utf-8\"><\/script>\n<\/div><\/figure>\n","protected":false},"excerpt":{"rendered":"<p>Este jueves, Disney\u00a0nos sorprendi\u00f3 a todos con la revelaci\u00f3n de su nueva pel\u00edcula: Encanto. Fue mediante las redes sociales que se revel\u00f3 el p\u00f3ster y tr\u00e1iler oficial del nuevo largometraje, el cual estar\u00e1 basado en Colombia. En el v\u00eddeo se puede conocer la casa de los Madrigal, el cu\u00e1l es un lugar lleno de magia [&hellip;]<\/p>\n","protected":false},"author":35,"featured_media":18206,"comment_status":"open","ping_status":"open","sticky":false,"template":"","format":"standard","meta":{"_monsterinsights_skip_tracking":false,"_monsterinsights_sitenote_active":false,"_monsterinsights_sitenote_note":"","_monsterinsights_sitenote_category":0,"footnotes":""},"categories":[576],"tags":[207,817,4928,1822],"class_list":["post-18190","post","type-post","status-publish","format-standard","has-post-thumbnail","hentry","category-ocio","tag-colombia","tag-disney-plus","tag-encanto","tag-streaming","wp-image-borders"],"amp_enabled":true,"_links":{"self":[{"href":"https:\/\/nvnoticias.mx\/index.php\/wp-json\/wp\/v2\/posts\/18190","targetHints":{"allow":["GET"]}}],"collection":[{"href":"https:\/\/nvnoticias.mx\/index.php\/wp-json\/wp\/v2\/posts"}],"about":[{"href":"https:\/\/nvnoticias.mx\/index.php\/wp-json\/wp\/v2\/types\/post"}],"author":[{"embeddable":true,"href":"https:\/\/nvnoticias.mx\/index.php\/wp-json\/wp\/v2\/users\/35"}],"replies":[{"embeddable":true,"href":"https:\/\/nvnoticias.mx\/index.php\/wp-json\/wp\/v2\/comments?post=18190"}],"version-history":[{"count":1,"href":"https:\/\/nvnoticias.mx\/index.php\/wp-json\/wp\/v2\/posts\/18190\/revisions"}],"predecessor-version":[{"id":18203,"href":"https:\/\/nvnoticias.mx\/index.php\/wp-json\/wp\/v2\/posts\/18190\/revisions\/18203"}],"wp:featuredmedia":[{"embeddable":true,"href":"https:\/\/nvnoticias.mx\/index.php\/wp-json\/wp\/v2\/media\/18206"}],"wp:attachment":[{"href":"https:\/\/nvnoticias.mx\/index.php\/wp-json\/wp\/v2\/media?parent=18190"}],"wp:term":[{"taxonomy":"category","embeddable":true,"href":"https:\/\/nvnoticias.mx\/index.php\/wp-json\/wp\/v2\/categories?post=18190"},{"taxonomy":"post_tag","embeddable":true,"href":"https:\/\/nvnoticias.mx\/index.php\/wp-json\/wp\/v2\/tags?post=18190"}],"curies":[{"name":"wp","href":"https:\/\/api.w.org\/{rel}","templated":true}]}}