{"id":181784,"date":"2025-05-07T11:37:59","date_gmt":"2025-05-07T17:37:59","guid":{"rendered":"https:\/\/nvnoticias.mx\/?p=181784"},"modified":"2025-05-07T11:38:01","modified_gmt":"2025-05-07T17:38:01","slug":"claudia-sheinbuam-descarta-nacionalizacion-de-televisoras","status":"publish","type":"post","link":"https:\/\/nvnoticias.mx\/index.php\/2025\/05\/07\/claudia-sheinbuam-descarta-nacionalizacion-de-televisoras\/","title":{"rendered":"Claudia Sheinbuam descarta nacionalizaci\u00f3n de televisoras"},"content":{"rendered":"\n<p>Nosotros \u201cno estamos pensando en la nacionalizaci\u00f3n de ninguna televisora\u201d, afirm\u00f3 la presidenta Claudia Sheinbaum Pardo, ante la propuesta que sobre Tv Azteca hizo el director del Fondo de Cultura Econ\u00f3mica, Paco Ignacio Taibo II el pasado consejo de Morena.<\/p>\n\n\n\n<p>Al defender la libertad de expresi\u00f3n que existe en M\u00e9xico, sostuvo, que \u00e9l \u201cpuede decir sus opiniones, tiene derecho\u201d, sostuvo.<\/p>\n\n\n\n<p>Pero \u201cno quiere decir que estemos de acuerdo con los que dice Paco&#8230; No es la intenci\u00f3n del gobierno de M\u00e9xico, ni mucho menos, pero hay libertad de expresi\u00f3n\u201d, recalc\u00f3. Tambi\u00e9n, que record\u00f3 que \u201cel due\u00f1o de Tv Azteca (Ricardo Salinas Pliego) dice much\u00edsimas cosas.<\/p>\n\n\n\n<p>\u201cEscuchen ustedes esta televisora. Si nosotros pusi\u00e9ramos en el detector de mentiras a la televisora no acabar\u00edamos todos las ma\u00f1aneras; es mentira tras mentiras, tras mentira, tras mentira, tras mentira, pero hay libertad de expresi\u00f3n\u201d.<\/p>\n\n\n\n<p>Lo que s\u00ed decidimos, subray\u00f3, \u201ces que (el empresario) pague sus impuestos, eso s\u00ed, pero hay libertad de expresi\u00f3n\u201d.&nbsp;<\/p>\n\n\n\n<p>Afirm\u00f3 que \u201cno se puede estar de acuerdo con que haya libre expresi\u00f3n para unos y para otros, no. O hay libre expresi\u00f3n, o no hay libre expresi\u00f3n. Y nosotros estamos a favor de que la haya y \u00e9l (Taibo II) puede decir sus opiniones. Tiene derecho.<br>Insisti\u00f3: \u201cPaco tiene todo el derecho a decir lo que piensa\u201d.<\/p>\n\n\n\n<p>Fuente: La <a href=\"https:\/\/www.jornada.com.mx\/noticia\/2025\/05\/07\/cultura\/claudia-sheinbuam-descarta-nacionalizacion-de-televisoras\">Jornada<\/a><\/p>\n\n\n\n<p><\/p>\n\n\n\n<p><\/p>\n\n\n\n<p><\/p>\n\n\n\n<p><\/p>\n","protected":false},"excerpt":{"rendered":"<p>Nosotros \u201cno estamos pensando en la nacionalizaci\u00f3n de ninguna televisora\u201d, afirm\u00f3 la presidenta Claudia Sheinbaum Pardo, ante la propuesta que sobre Tv Azteca hizo el director del Fondo de Cultura Econ\u00f3mica, Paco Ignacio Taibo II el pasado consejo de Morena. Al defender la libertad de expresi\u00f3n que existe en M\u00e9xico, sostuvo, que \u00e9l \u201cpuede decir [&hellip;]<\/p>\n","protected":false},"author":35,"featured_media":181785,"comment_status":"open","ping_status":"open","sticky":false,"template":"","format":"standard","meta":{"_monsterinsights_skip_tracking":false,"_monsterinsights_sitenote_active":false,"_monsterinsights_sitenote_note":"","_monsterinsights_sitenote_category":0,"footnotes":""},"categories":[157],"tags":[2801],"class_list":["post-181784","post","type-post","status-publish","format-standard","has-post-thumbnail","hentry","category-nacional","tag-claudia-sheinbaum","wp-image-borders"],"amp_enabled":true,"_links":{"self":[{"href":"https:\/\/nvnoticias.mx\/index.php\/wp-json\/wp\/v2\/posts\/181784","targetHints":{"allow":["GET"]}}],"collection":[{"href":"https:\/\/nvnoticias.mx\/index.php\/wp-json\/wp\/v2\/posts"}],"about":[{"href":"https:\/\/nvnoticias.mx\/index.php\/wp-json\/wp\/v2\/types\/post"}],"author":[{"embeddable":true,"href":"https:\/\/nvnoticias.mx\/index.php\/wp-json\/wp\/v2\/users\/35"}],"replies":[{"embeddable":true,"href":"https:\/\/nvnoticias.mx\/index.php\/wp-json\/wp\/v2\/comments?post=181784"}],"version-history":[{"count":3,"href":"https:\/\/nvnoticias.mx\/index.php\/wp-json\/wp\/v2\/posts\/181784\/revisions"}],"predecessor-version":[{"id":181788,"href":"https:\/\/nvnoticias.mx\/index.php\/wp-json\/wp\/v2\/posts\/181784\/revisions\/181788"}],"wp:featuredmedia":[{"embeddable":true,"href":"https:\/\/nvnoticias.mx\/index.php\/wp-json\/wp\/v2\/media\/181785"}],"wp:attachment":[{"href":"https:\/\/nvnoticias.mx\/index.php\/wp-json\/wp\/v2\/media?parent=181784"}],"wp:term":[{"taxonomy":"category","embeddable":true,"href":"https:\/\/nvnoticias.mx\/index.php\/wp-json\/wp\/v2\/categories?post=181784"},{"taxonomy":"post_tag","embeddable":true,"href":"https:\/\/nvnoticias.mx\/index.php\/wp-json\/wp\/v2\/tags?post=181784"}],"curies":[{"name":"wp","href":"https:\/\/api.w.org\/{rel}","templated":true}]}}