{"id":181774,"date":"2025-05-07T11:31:25","date_gmt":"2025-05-07T17:31:25","guid":{"rendered":"https:\/\/nvnoticias.mx\/?p=181774"},"modified":"2025-05-07T11:31:27","modified_gmt":"2025-05-07T17:31:27","slug":"mexico-ha-insistido-a-eu-que-informe-sobre-captura-de-el-mayo-zambada-sheinbaum","status":"publish","type":"post","link":"https:\/\/nvnoticias.mx\/index.php\/2025\/05\/07\/mexico-ha-insistido-a-eu-que-informe-sobre-captura-de-el-mayo-zambada-sheinbaum\/","title":{"rendered":"M\u00e9xico ha insistido a EU que informe sobre captura de &#8216;El Mayo&#8217; Zambada: Sheinbaum"},"content":{"rendered":"\n<p>Despu\u00e9s de recordar que Ovidio Guzm\u00e1n L\u00f3pez, hijo de Joaqu\u00edn&nbsp;<em>El Chapo<\/em>&nbsp;Guzm\u00e1n fue detenido en M\u00e9xico y extraditado a Estados Unidos, la presidenta Claudia Sheinbaum Pardo ratific\u00f3 que el gabinete de seguridad ha insistido en las mesas de negociaci\u00f3n que sostienen con sus pares estadunidenses que informen c\u00f3mo se dio la captura de Ismael&nbsp;<em>El Mayo<\/em>&nbsp;Zambada.&nbsp;<\/p>\n\n\n\n<p>Ayer, Guzm\u00e1n L\u00f3pez cancel\u00f3 su audiencia programada para el pr\u00f3ximo 12 de mayo, ya que planea declararse culpable de diversos cargos de narcotr\u00e1fico el pr\u00f3ximo 9 de julio en Chicago, seg\u00fan report\u00f3 el editor en jefe de asuntos criminales del diario&nbsp;<em>Los Angeles Times<\/em>.&nbsp;&nbsp;<\/p>\n\n\n\n<p>La mandataria dijo que Estados Unidos \u201cno ha actualizado la informaci\u00f3n, y de este caso lo que se sabe es que va a cambiar su declaraci\u00f3n. No se sabe todav\u00eda m\u00e1s\u201d.&nbsp;&nbsp;<\/p>\n\n\n\n<p>Hay que recordar, dijo, \u201cque esta persona fue extraditada desde M\u00e9xico y hay acuerdos en el caso de extradici\u00f3n y otras colaboraciones. Es importante porque fue detenido aqu\u00ed y extraditado\u201d.<\/p>\n\n\n\n<p>Sobre la solicitud de que Estados Unidos informe sobre la captura de\u00a0<em>El Mayo<\/em>\u00a0Zambada, sostuvo que en las mesas de seguridad \u201cs\u00ed se les ha planteado\u201d.<\/p>\n\n\n\n<p>Fuente: La <a href=\"https:\/\/www.jornada.com.mx\/noticia\/2025\/05\/07\/politica\/mexico-ha-insistido-a-eu-que-informe-sobre-captura-de-el-mayo-zambada-sheinbaum\">Jornada<\/a><\/p>\n\n\n\n<p><\/p>\n\n\n\n<p><\/p>\n\n\n\n<p><\/p>\n","protected":false},"excerpt":{"rendered":"<p>Despu\u00e9s de recordar que Ovidio Guzm\u00e1n L\u00f3pez, hijo de Joaqu\u00edn&nbsp;El Chapo&nbsp;Guzm\u00e1n fue detenido en M\u00e9xico y extraditado a Estados Unidos, la presidenta Claudia Sheinbaum Pardo ratific\u00f3 que el gabinete de seguridad ha insistido en las mesas de negociaci\u00f3n que sostienen con sus pares estadunidenses que informen c\u00f3mo se dio la captura de Ismael&nbsp;El Mayo&nbsp;Zambada.&nbsp; Ayer, [&hellip;]<\/p>\n","protected":false},"author":35,"featured_media":181775,"comment_status":"open","ping_status":"open","sticky":false,"template":"","format":"standard","meta":{"_monsterinsights_skip_tracking":false,"_monsterinsights_sitenote_active":false,"_monsterinsights_sitenote_note":"","_monsterinsights_sitenote_category":0,"footnotes":""},"categories":[158],"tags":[2801,183,7928],"class_list":["post-181774","post","type-post","status-publish","format-standard","has-post-thumbnail","hentry","category-politica","tag-claudia-sheinbaum","tag-estados-unidos","tag-ovidio-guzman","wp-image-borders"],"amp_enabled":true,"_links":{"self":[{"href":"https:\/\/nvnoticias.mx\/index.php\/wp-json\/wp\/v2\/posts\/181774","targetHints":{"allow":["GET"]}}],"collection":[{"href":"https:\/\/nvnoticias.mx\/index.php\/wp-json\/wp\/v2\/posts"}],"about":[{"href":"https:\/\/nvnoticias.mx\/index.php\/wp-json\/wp\/v2\/types\/post"}],"author":[{"embeddable":true,"href":"https:\/\/nvnoticias.mx\/index.php\/wp-json\/wp\/v2\/users\/35"}],"replies":[{"embeddable":true,"href":"https:\/\/nvnoticias.mx\/index.php\/wp-json\/wp\/v2\/comments?post=181774"}],"version-history":[{"count":3,"href":"https:\/\/nvnoticias.mx\/index.php\/wp-json\/wp\/v2\/posts\/181774\/revisions"}],"predecessor-version":[{"id":181778,"href":"https:\/\/nvnoticias.mx\/index.php\/wp-json\/wp\/v2\/posts\/181774\/revisions\/181778"}],"wp:featuredmedia":[{"embeddable":true,"href":"https:\/\/nvnoticias.mx\/index.php\/wp-json\/wp\/v2\/media\/181775"}],"wp:attachment":[{"href":"https:\/\/nvnoticias.mx\/index.php\/wp-json\/wp\/v2\/media?parent=181774"}],"wp:term":[{"taxonomy":"category","embeddable":true,"href":"https:\/\/nvnoticias.mx\/index.php\/wp-json\/wp\/v2\/categories?post=181774"},{"taxonomy":"post_tag","embeddable":true,"href":"https:\/\/nvnoticias.mx\/index.php\/wp-json\/wp\/v2\/tags?post=181774"}],"curies":[{"name":"wp","href":"https:\/\/api.w.org\/{rel}","templated":true}]}}